{"id":75,"date":"2010-11-23T08:41:22","date_gmt":"2010-11-23T07:41:22","guid":{"rendered":"http:\/\/arser.org\/?p=75"},"modified":"2017-10-28T20:19:11","modified_gmt":"2017-10-28T18:19:11","slug":"on-guerit-de-mieux-en-mieux-les-cancers-mais","status":"publish","type":"post","link":"https:\/\/arser.org\/fr\/on-guerit-de-mieux-en-mieux-les-cancers-mais\/","title":{"rendered":"On gu\u00e9rit de mieux en mieux les cancers, mais\u2026 (+ Vid\u00e9o)"},"content":{"rendered":"<p>\u2026c\u2019est parfois au prix de complications des traitements eux-m\u00eames. Les s\u00e9quelles sont plus ou moins graves, en particulier apr\u00e8s radioth\u00e9rapie. C\u2019est ce qui m\u2019est arriv\u00e9 et que je raconte dans la vid\u00e9o que vous pouvez voir ci-dessous.<\/p>\n<p>Les travaux sur les s\u00e9quelles de la radioth\u00e9rapie sont peu nombreux. On citera en particulier ceux men\u00e9s par une \u00e9quipe de recherche associant le Dr Sylvie Delanian, oncologue-radioth\u00e9rapeute et Jean-Louis Lefaix, chercheur au Commissariat \u00e0 l\u2019Energie Atomique (CEA) avec le Dr Pierre-Fran\u00e7ois Pradat, neurologue.<\/p>\n<p>Leur travail des deux derni\u00e8res d\u00e9cennies a permis la mise au point de traitements prometteurs (PENTOCLO).<\/p>\n<p>En liaison \u00e9troite avec ces deux m\u00e9decins, j\u2019ai cr\u00e9\u00e9 l\u2019Association pour la Recherche sur les S\u00e9quelles de la Radioth\u00e9rapie (ARSER), destin\u00e9e non pas \u00e0 revendiquer, mais \u00e0 informer patients et m\u00e9decins, et \u00e0 collecter des fonds pour financer cette recherche.<\/p>\n<p>Herv\u00e9 Lionel-Marie, pr\u00e9sident de l\u2019ARSER<\/p>\n<p><iframe loading=\"lazy\" width=\"840\" height=\"473\" src=\"https:\/\/www.youtube.com\/embed\/PtAKPLM2Udo?feature=oembed\" frameborder=\"0\" gesture=\"media\" allowfullscreen><\/iframe><\/p>\n<blockquote><p><strong>Herv\u00e9 LIONEL-MARIE Premier Pr\u00e9sident, fondateur de l\u2019ARSER<\/strong><\/p>\n<p>Tout a commenc\u00e9 en Alg\u00e9rie, pendant mon service militaire. J\u2019ai donc \u00e9t\u00e9 rapatri\u00e9 sanitaire au Val de Gr\u00e2ce. On a commenc\u00e9 \u00e0 me faire une radioth\u00e9rapie tr\u00e8s lourde et une cobaltoth\u00e9rapie. Au bout d\u2019une douzaine d\u2019ann\u00e9es, une quinzaine d\u2019ann\u00e9es, j\u2019ai commenc\u00e9 \u00e0 sentir une perte musculaire du pied droit, tr\u00e8s lentement, tr\u00e8s progressivement. Et, dans les ann\u00e9es 85, j\u2019\u00e9tais pris en charge par le Professeur Lividisiak, qui d\u2019ailleurs est un ami, et c\u2019est lui le premier qui a pos\u00e9 le diagnostic de my\u00e9lite radique, c\u2019est-\u00e0-dire du lien direct entre la radioth\u00e9rapie que j\u2019avais suivie et les s\u00e9quelles qui \u00e9taient constat\u00e9es. Mes probl\u00e8mes cardiaques \u00e9taient dus \u00e9galement \u00e0 \u00e7a, et au d\u00e9but on n\u2019avait pas fait le diagnostic, et aussi l\u2019intestin gr\u00eale qui a subi des doses massives de rayons, et qui n\u2019est pas sans cons\u00e9quence.<\/p>\n<p><strong>Dr Sylvie DELANIAN\u00a0Oncologue Radioth\u00e9rapeute,\u00a0H\u00f4pital Saint-Louis<\/strong><\/p>\n<p>Aujourd\u2019hui, il faut quand m\u00eame bien rappeler que 8 \u00e0 9 personnes sur 10 sont gu\u00e9ries du cancer. Parce que la pr\u00e9vention et les campagnes de pr\u00e9vention ont fait leur travail. On a pris les tumeurs plus \u00e0 temps et donc les traitements sont plus intenses qu\u2019ils n\u2019\u00e9taient, parce que souvent, on intensifie des traitements pour \u00eatre s\u00fbrs de gu\u00e9rir. Donc des gu\u00e9risons, on en a. Mais, il peut y avoir un prix \u00e0 payer\u00a0; et alors la plupart des canc\u00e9rologues vous disent \u00ab\u00a0Soyez d\u00e9j\u00e0 content d\u2019\u00eatre gu\u00e9ri, c\u2019est bien\u00a0\u00bb. C\u2019est vrai\u00a0: c\u2019est bien\u2026, mais peut-\u00eatre asa suffisant.<\/p>\n<p><strong>Herv\u00e9 LIONEL-MARIE Premier Pr\u00e9sident, fondateur de l\u2019ARSER<\/strong><\/p>\n<p>Cette association \u00ab\u00a0ARSER\u00a0\u00bb, elle a \u00e9t\u00e9 con\u00e7ue en fait, il y a un an. C\u2019est-\u00e0-dire que ce sont les deux m\u00e9decins, le Docteur Sylvie DELANIAN et le Docteur Pierre-Fran\u00e7ois PRADAT, qui en sont \u00e0 l\u2019origine avec moi\u00a0? et l\u2019objectif qui est le n\u00f4tre c\u2019est cela\u00a0: c\u2019est de faire en sorte que les recherches qui sont entam\u00e9es par ce deux m\u00e9decins, d\u00e9bouchent sur une r\u00e9duction ou une suppression purement et simplement de ces s\u00e9quelles. C\u2019est \u00e7a vraiment l\u2019objectif. Donc, c\u2019est r\u00e9solument tourn\u00e9 vers le futur.<\/p>\n<p><strong>Dr Pierre-Fran\u00e7ois PRADAT\u00a0Neurologue,\u00a0H\u00f4pital La Piti\u00e9-Salp\u00eatri\u00e8re<\/strong><\/p>\n<p>Sensibiliser les investisseurs institutionnels, qui sont de bonne volont\u00e9, mais qui parfois ne connaissent pas ces pathologies, pour leur dire \u00e0 quel point c\u2019est important, c\u2019est un enjeu de sant\u00e9 public et que c\u2019est important de mettre des efforts, que ce soit dans la recherche mais \u00e9galement dans la prise en charge au quotidien des patients.<\/p>\n<p><strong>Dr Alexandra FOURCADE Praticien hospitalier de Sant\u00e9 publique au Minist\u00e8re de la Sant\u00e9<\/strong><\/p>\n<p>L\u2019Association, telle que Lionel HERVE-MARIE l\u2019a con\u00e7ue au d\u00e9part, entour\u00e9 de tous les m\u00e9decins qui\u00a0ensuite l\u2019ont aid\u00e9 \u00e0 construire le projet, elle a \u00e0 la fois une vocation de mieux faire conna\u00eetre ce probl\u00e8me de sant\u00e9 publique et faire en sorte que via des actions de communication, un site Internet, le plus grand nombre de personnes concern\u00e9es se manifestent aupr\u00e8s de l\u2019Association, se fassent conna\u00eetre et partagent entre elles ces effets secondaires. Et surtout donner acc\u00e8s \u00e0 ces personnes aux traitements qui sont actuellement port\u00e9s par quelques cliniciens\u00a0; il n\u2019y a pas beaucoup de travaux encore, pas suffisamment de travaux. Donc le deuxi\u00e8me objectif, \u00e9videmment, c\u2019est de d\u00e9velopper la recherche pour pouvoir obtenir des traitements dans les meilleurs d\u00e9lais pour avoir des r\u00e9sultats tangibles et une r\u00e9versibilit\u00e9 de ces effets secondaires.<\/p>\n<figure id=\"attachment_287\" aria-describedby=\"caption-attachment-287\" style=\"width: 70px\" class=\"wp-caption aligncenter\"><a href=\"http:\/\/arser.org\/wp-content\/uploads\/2017\/03\/Arser-video-presentation.pdf\"><img loading=\"lazy\" decoding=\"async\" class=\"wp-image-287\" src=\"http:\/\/arser.org\/wp-content\/uploads\/2016\/10\/pdf-logo.png\" alt=\"\" width=\"70\" height=\"73\" \/><\/a><figcaption id=\"caption-attachment-287\" class=\"wp-caption-text\">T\u00e9l\u00e9chargez la transcription de la vid\u00e9o (256Ko)<\/figcaption><\/figure><\/blockquote>\n<p><\/p>","protected":false},"excerpt":{"rendered":"<p>\u2026c\u2019est parfois au prix de complications des traitements eux-m\u00eames. Les s\u00e9quelles sont plus ou moins graves, en particulier apr\u00e8s radioth\u00e9rapie. C\u2019est ce qui m\u2019est arriv\u00e9 et que je raconte dans la vid\u00e9o que vous pouvez voir ci-dessous. Les travaux sur les s\u00e9quelles de la radioth\u00e9rapie sont peu nombreux. On citera en particulier ceux men\u00e9s par &hellip; <a href=\"https:\/\/arser.org\/fr\/on-guerit-de-mieux-en-mieux-les-cancers-mais\/\" class=\"more-link\">Continuer la lecture<span class=\"screen-reader-text\"> de &laquo;&nbsp;On gu\u00e9rit de mieux en mieux les cancers, mais\u2026 (+ Vid\u00e9o)&nbsp;&raquo;<\/span><\/a><\/p>\n","protected":false},"author":1,"featured_media":0,"comment_status":"closed","ping_status":"closed","sticky":false,"template":"","format":"standard","meta":{"_bbp_topic_count":0,"_bbp_reply_count":0,"_bbp_total_topic_count":0,"_bbp_total_reply_count":0,"_bbp_voice_count":0,"_bbp_anonymous_reply_count":0,"_bbp_topic_count_hidden":0,"_bbp_reply_count_hidden":0,"_bbp_forum_subforum_count":0,"footnotes":""},"categories":[6],"tags":[],"class_list":["post-75","post","type-post","status-publish","format-standard","hentry","category-articles"],"yoast_head":"<!-- This site is optimized with the Yoast SEO plugin v27.3 - https:\/\/yoast.com\/product\/yoast-seo-wordpress\/ -->\n<title>On gu\u00e9rit de mieux en mieux les cancers, mais\u2026 (+ Vid\u00e9o) - Association pour la Recherche sur les S\u00e9quelles de la Radioth\u00e9rapie<\/title>\n<meta name=\"robots\" content=\"index, follow, max-snippet:-1, max-image-preview:large, max-video-preview:-1\" \/>\n<link rel=\"canonical\" href=\"https:\/\/arser.org\/fr\/on-guerit-de-mieux-en-mieux-les-cancers-mais\/\" \/>\n<meta property=\"og:locale\" content=\"fr_FR\" \/>\n<meta property=\"og:type\" content=\"article\" \/>\n<meta property=\"og:title\" content=\"On gu\u00e9rit de mieux en mieux les cancers, mais\u2026 (+ Vid\u00e9o) - Association pour la Recherche sur les S\u00e9quelles de la Radioth\u00e9rapie\" \/>\n<meta property=\"og:description\" content=\"\u2026c\u2019est parfois au prix de complications des traitements eux-m\u00eames. Les s\u00e9quelles sont plus ou moins graves, en particulier apr\u00e8s radioth\u00e9rapie. C\u2019est ce qui m\u2019est arriv\u00e9 et que je raconte dans la vid\u00e9o que vous pouvez voir ci-dessous. Les travaux sur les s\u00e9quelles de la radioth\u00e9rapie sont peu nombreux. On citera en particulier ceux men\u00e9s par &hellip; Continuer la lecture de &laquo;&nbsp;On gu\u00e9rit de mieux en mieux les cancers, mais\u2026 (+ Vid\u00e9o)&nbsp;&raquo;\" \/>\n<meta property=\"og:url\" content=\"https:\/\/arser.org\/fr\/on-guerit-de-mieux-en-mieux-les-cancers-mais\/\" \/>\n<meta property=\"og:site_name\" content=\"Association pour la Recherche sur les S\u00e9quelles de la Radioth\u00e9rapie\" \/>\n<meta property=\"article:publisher\" content=\"https:\/\/www.facebook.com\/profile.php?id=100086562396208\" \/>\n<meta property=\"article:published_time\" content=\"2010-11-23T07:41:22+00:00\" \/>\n<meta property=\"article:modified_time\" content=\"2017-10-28T18:19:11+00:00\" \/>\n<meta property=\"og:image\" content=\"http:\/\/arser.org\/wp-content\/uploads\/2016\/10\/pdf-logo.png\" \/>\n<meta name=\"author\" content=\"adminC\" \/>\n<meta name=\"twitter:card\" content=\"summary_large_image\" \/>\n<meta name=\"twitter:label1\" content=\"\u00c9crit par\" \/>\n\t<meta name=\"twitter:data1\" content=\"adminC\" \/>\n\t<meta name=\"twitter:label2\" content=\"Dur\u00e9e de lecture estim\u00e9e\" \/>\n\t<meta name=\"twitter:data2\" content=\"7 minutes\" \/>\n<script type=\"application\/ld+json\" class=\"yoast-schema-graph\">{\"@context\":\"https:\\\/\\\/schema.org\",\"@graph\":[{\"@type\":\"Article\",\"@id\":\"https:\\\/\\\/arser.org\\\/on-guerit-de-mieux-en-mieux-les-cancers-mais\\\/#article\",\"isPartOf\":{\"@id\":\"https:\\\/\\\/arser.org\\\/on-guerit-de-mieux-en-mieux-les-cancers-mais\\\/\"},\"author\":{\"name\":\"adminC\",\"@id\":\"https:\\\/\\\/arser.org\\\/#\\\/schema\\\/person\\\/392df787edae3de17a76357b647703c6\"},\"headline\":\"On gu\u00e9rit de mieux en mieux les cancers, mais\u2026 (+ Vid\u00e9o)\",\"datePublished\":\"2010-11-23T07:41:22+00:00\",\"dateModified\":\"2017-10-28T18:19:11+00:00\",\"mainEntityOfPage\":{\"@id\":\"https:\\\/\\\/arser.org\\\/on-guerit-de-mieux-en-mieux-les-cancers-mais\\\/\"},\"wordCount\":1513,\"publisher\":{\"@id\":\"https:\\\/\\\/arser.org\\\/#organization\"},\"image\":{\"@id\":\"https:\\\/\\\/arser.org\\\/on-guerit-de-mieux-en-mieux-les-cancers-mais\\\/#primaryimage\"},\"thumbnailUrl\":\"http:\\\/\\\/arser.org\\\/wp-content\\\/uploads\\\/2016\\\/10\\\/pdf-logo.png\",\"articleSection\":[\"Articles\"],\"inLanguage\":\"fr-FR\"},{\"@type\":\"WebPage\",\"@id\":\"https:\\\/\\\/arser.org\\\/fr\\\/on-guerit-de-mieux-en-mieux-les-cancers-mais\\\/\",\"url\":\"https:\\\/\\\/arser.org\\\/fr\\\/on-guerit-de-mieux-en-mieux-les-cancers-mais\\\/\",\"name\":\"On gu\u00e9rit de mieux en mieux les cancers, mais\u2026 (+ Vid\u00e9o) - Association pour la Recherche sur les S\u00e9quelles de la Radioth\u00e9rapie\",\"isPartOf\":{\"@id\":\"https:\\\/\\\/arser.org\\\/fr\\\/#website\"},\"primaryImageOfPage\":{\"@id\":\"https:\\\/\\\/arser.org\\\/fr\\\/on-guerit-de-mieux-en-mieux-les-cancers-mais\\\/#primaryimage\"},\"image\":{\"@id\":\"https:\\\/\\\/arser.org\\\/on-guerit-de-mieux-en-mieux-les-cancers-mais\\\/#primaryimage\"},\"thumbnailUrl\":\"http:\\\/\\\/arser.org\\\/wp-content\\\/uploads\\\/2016\\\/10\\\/pdf-logo.png\",\"datePublished\":\"2010-11-23T07:41:22+00:00\",\"dateModified\":\"2017-10-28T18:19:11+00:00\",\"breadcrumb\":{\"@id\":\"https:\\\/\\\/arser.org\\\/fr\\\/on-guerit-de-mieux-en-mieux-les-cancers-mais\\\/#breadcrumb\"},\"inLanguage\":\"fr-FR\",\"potentialAction\":[{\"@type\":\"ReadAction\",\"target\":[[\"https:\\\/\\\/arser.org\\\/fr\\\/on-guerit-de-mieux-en-mieux-les-cancers-mais\\\/\"]]}]},{\"@type\":\"ImageObject\",\"inLanguage\":\"fr-FR\",\"@id\":\"https:\\\/\\\/arser.org\\\/fr\\\/on-guerit-de-mieux-en-mieux-les-cancers-mais\\\/#primaryimage\",\"url\":\"http:\\\/\\\/arser.org\\\/wp-content\\\/uploads\\\/2016\\\/10\\\/pdf-logo.png\",\"contentUrl\":\"http:\\\/\\\/arser.org\\\/wp-content\\\/uploads\\\/2016\\\/10\\\/pdf-logo.png\"},{\"@type\":\"BreadcrumbList\",\"@id\":\"https:\\\/\\\/arser.org\\\/fr\\\/on-guerit-de-mieux-en-mieux-les-cancers-mais\\\/#breadcrumb\",\"itemListElement\":[{\"@type\":\"ListItem\",\"position\":1,\"name\":\"Accueil\",\"item\":\"https:\\\/\\\/arser.org\\\/fr\\\/\"},{\"@type\":\"ListItem\",\"position\":2,\"name\":\"On gu\u00e9rit de mieux en mieux les cancers, mais\u2026 (+ Vid\u00e9o)\"}]},{\"@type\":\"WebSite\",\"@id\":\"https:\\\/\\\/arser.org\\\/fr\\\/#website\",\"url\":\"https:\\\/\\\/arser.org\\\/fr\\\/\",\"name\":\"Association pour la Recherche sur les S\u00e9quelles de la Radioth\u00e9rapie\",\"description\":\"Aider les patients ayant suivi une radioth\u00e9rapie \u00e0 en minimiser les s\u00e9quelles\",\"publisher\":{\"@id\":\"https:\\\/\\\/arser.org\\\/fr\\\/#organization\"},\"potentialAction\":[{\"@type\":\"SearchAction\",\"target\":{\"@type\":\"EntryPoint\",\"urlTemplate\":\"https:\\\/\\\/arser.org\\\/fr\\\/?s={search_term_string}\"},\"query-input\":{\"@type\":\"PropertyValueSpecification\",\"valueRequired\":true,\"valueName\":\"search_term_string\"}}],\"inLanguage\":\"fr-FR\"},{\"@type\":\"Organization\",\"@id\":\"https:\\\/\\\/arser.org\\\/fr\\\/#organization\",\"name\":\"Association pour la Recherche sur les S\u00e9quelles de la Radioth\u00e9rapie\",\"url\":\"https:\\\/\\\/arser.org\\\/fr\\\/\",\"logo\":{\"@type\":\"ImageObject\",\"inLanguage\":\"fr-FR\",\"@id\":\"https:\\\/\\\/arser.org\\\/fr\\\/#\\\/schema\\\/logo\\\/image\\\/\",\"url\":\"https:\\\/\\\/arser.org\\\/wp-content\\\/uploads\\\/2022\\\/03\\\/logo-Grand-ARSER-web-carre.jpg\",\"contentUrl\":\"https:\\\/\\\/arser.org\\\/wp-content\\\/uploads\\\/2022\\\/03\\\/logo-Grand-ARSER-web-carre.jpg\",\"width\":300,\"height\":300,\"caption\":\"Association pour la Recherche sur les S\u00e9quelles de la Radioth\u00e9rapie\"},\"image\":{\"@id\":\"https:\\\/\\\/arser.org\\\/fr\\\/#\\\/schema\\\/logo\\\/image\\\/\"},\"sameAs\":[\"https:\\\/\\\/www.facebook.com\\\/profile.php?id=100086562396208\"]},{\"@type\":\"Person\",\"@id\":\"https:\\\/\\\/arser.org\\\/#\\\/schema\\\/person\\\/392df787edae3de17a76357b647703c6\",\"name\":\"adminC\",\"image\":{\"@type\":\"ImageObject\",\"inLanguage\":\"fr-FR\",\"@id\":\"https:\\\/\\\/secure.gravatar.com\\\/avatar\\\/15fa25f064ea0f6cd4b5084949f109494363c688305276a8091d028dba8016b9?s=96&d=blank&r=g\",\"url\":\"https:\\\/\\\/secure.gravatar.com\\\/avatar\\\/15fa25f064ea0f6cd4b5084949f109494363c688305276a8091d028dba8016b9?s=96&d=blank&r=g\",\"contentUrl\":\"https:\\\/\\\/secure.gravatar.com\\\/avatar\\\/15fa25f064ea0f6cd4b5084949f109494363c688305276a8091d028dba8016b9?s=96&d=blank&r=g\",\"caption\":\"adminC\"},\"url\":\"https:\\\/\\\/arser.org\\\/fr\\\/author\\\/admichris64\\\/\"}]}<\/script>\n<!-- \/ Yoast SEO plugin. -->","yoast_head_json":{"title":"On gu\u00e9rit de mieux en mieux les cancers, mais\u2026 (+ Vid\u00e9o) - Association pour la Recherche sur les S\u00e9quelles de la Radioth\u00e9rapie","robots":{"index":"index","follow":"follow","max-snippet":"max-snippet:-1","max-image-preview":"max-image-preview:large","max-video-preview":"max-video-preview:-1"},"canonical":"https:\/\/arser.org\/fr\/on-guerit-de-mieux-en-mieux-les-cancers-mais\/","og_locale":"fr_FR","og_type":"article","og_title":"On gu\u00e9rit de mieux en mieux les cancers, mais\u2026 (+ Vid\u00e9o) - Association pour la Recherche sur les S\u00e9quelles de la Radioth\u00e9rapie","og_description":"\u2026c\u2019est parfois au prix de complications des traitements eux-m\u00eames. Les s\u00e9quelles sont plus ou moins graves, en particulier apr\u00e8s radioth\u00e9rapie. C\u2019est ce qui m\u2019est arriv\u00e9 et que je raconte dans la vid\u00e9o que vous pouvez voir ci-dessous. Les travaux sur les s\u00e9quelles de la radioth\u00e9rapie sont peu nombreux. On citera en particulier ceux men\u00e9s par &hellip; Continuer la lecture de &laquo;&nbsp;On gu\u00e9rit de mieux en mieux les cancers, mais\u2026 (+ Vid\u00e9o)&nbsp;&raquo;","og_url":"https:\/\/arser.org\/fr\/on-guerit-de-mieux-en-mieux-les-cancers-mais\/","og_site_name":"Association pour la Recherche sur les S\u00e9quelles de la Radioth\u00e9rapie","article_publisher":"https:\/\/www.facebook.com\/profile.php?id=100086562396208","article_published_time":"2010-11-23T07:41:22+00:00","article_modified_time":"2017-10-28T18:19:11+00:00","og_image":[{"url":"http:\/\/arser.org\/wp-content\/uploads\/2016\/10\/pdf-logo.png","type":"","width":"","height":""}],"author":"adminC","twitter_card":"summary_large_image","twitter_misc":{"\u00c9crit par":"adminC","Dur\u00e9e de lecture estim\u00e9e":"7 minutes"},"schema":{"@context":"https:\/\/schema.org","@graph":[{"@type":"Article","@id":"https:\/\/arser.org\/on-guerit-de-mieux-en-mieux-les-cancers-mais\/#article","isPartOf":{"@id":"https:\/\/arser.org\/on-guerit-de-mieux-en-mieux-les-cancers-mais\/"},"author":{"name":"adminC","@id":"https:\/\/arser.org\/#\/schema\/person\/392df787edae3de17a76357b647703c6"},"headline":"On gu\u00e9rit de mieux en mieux les cancers, mais\u2026 (+ Vid\u00e9o)","datePublished":"2010-11-23T07:41:22+00:00","dateModified":"2017-10-28T18:19:11+00:00","mainEntityOfPage":{"@id":"https:\/\/arser.org\/on-guerit-de-mieux-en-mieux-les-cancers-mais\/"},"wordCount":1513,"publisher":{"@id":"https:\/\/arser.org\/#organization"},"image":{"@id":"https:\/\/arser.org\/on-guerit-de-mieux-en-mieux-les-cancers-mais\/#primaryimage"},"thumbnailUrl":"http:\/\/arser.org\/wp-content\/uploads\/2016\/10\/pdf-logo.png","articleSection":["Articles"],"inLanguage":"fr-FR"},{"@type":"WebPage","@id":"https:\/\/arser.org\/fr\/on-guerit-de-mieux-en-mieux-les-cancers-mais\/","url":"https:\/\/arser.org\/fr\/on-guerit-de-mieux-en-mieux-les-cancers-mais\/","name":"On gu\u00e9rit de mieux en mieux les cancers, mais\u2026 (+ Vid\u00e9o) - Association pour la Recherche sur les S\u00e9quelles de la Radioth\u00e9rapie","isPartOf":{"@id":"https:\/\/arser.org\/fr\/#website"},"primaryImageOfPage":{"@id":"https:\/\/arser.org\/fr\/on-guerit-de-mieux-en-mieux-les-cancers-mais\/#primaryimage"},"image":{"@id":"https:\/\/arser.org\/on-guerit-de-mieux-en-mieux-les-cancers-mais\/#primaryimage"},"thumbnailUrl":"http:\/\/arser.org\/wp-content\/uploads\/2016\/10\/pdf-logo.png","datePublished":"2010-11-23T07:41:22+00:00","dateModified":"2017-10-28T18:19:11+00:00","breadcrumb":{"@id":"https:\/\/arser.org\/fr\/on-guerit-de-mieux-en-mieux-les-cancers-mais\/#breadcrumb"},"inLanguage":"fr-FR","potentialAction":[{"@type":"ReadAction","target":[["https:\/\/arser.org\/fr\/on-guerit-de-mieux-en-mieux-les-cancers-mais\/"]]}]},{"@type":"ImageObject","inLanguage":"fr-FR","@id":"https:\/\/arser.org\/fr\/on-guerit-de-mieux-en-mieux-les-cancers-mais\/#primaryimage","url":"http:\/\/arser.org\/wp-content\/uploads\/2016\/10\/pdf-logo.png","contentUrl":"http:\/\/arser.org\/wp-content\/uploads\/2016\/10\/pdf-logo.png"},{"@type":"BreadcrumbList","@id":"https:\/\/arser.org\/fr\/on-guerit-de-mieux-en-mieux-les-cancers-mais\/#breadcrumb","itemListElement":[{"@type":"ListItem","position":1,"name":"Accueil","item":"https:\/\/arser.org\/fr\/"},{"@type":"ListItem","position":2,"name":"On gu\u00e9rit de mieux en mieux les cancers, mais\u2026 (+ Vid\u00e9o)"}]},{"@type":"WebSite","@id":"https:\/\/arser.org\/fr\/#website","url":"https:\/\/arser.org\/fr\/","name":"Association pour la Recherche sur les S\u00e9quelles de la Radioth\u00e9rapie","description":"Aider les patients ayant suivi une radioth\u00e9rapie \u00e0 en minimiser les s\u00e9quelles","publisher":{"@id":"https:\/\/arser.org\/fr\/#organization"},"potentialAction":[{"@type":"SearchAction","target":{"@type":"EntryPoint","urlTemplate":"https:\/\/arser.org\/fr\/?s={search_term_string}"},"query-input":{"@type":"PropertyValueSpecification","valueRequired":true,"valueName":"search_term_string"}}],"inLanguage":"fr-FR"},{"@type":"Organization","@id":"https:\/\/arser.org\/fr\/#organization","name":"Association pour la Recherche sur les S\u00e9quelles de la Radioth\u00e9rapie","url":"https:\/\/arser.org\/fr\/","logo":{"@type":"ImageObject","inLanguage":"fr-FR","@id":"https:\/\/arser.org\/fr\/#\/schema\/logo\/image\/","url":"https:\/\/arser.org\/wp-content\/uploads\/2022\/03\/logo-Grand-ARSER-web-carre.jpg","contentUrl":"https:\/\/arser.org\/wp-content\/uploads\/2022\/03\/logo-Grand-ARSER-web-carre.jpg","width":300,"height":300,"caption":"Association pour la Recherche sur les S\u00e9quelles de la Radioth\u00e9rapie"},"image":{"@id":"https:\/\/arser.org\/fr\/#\/schema\/logo\/image\/"},"sameAs":["https:\/\/www.facebook.com\/profile.php?id=100086562396208"]},{"@type":"Person","@id":"https:\/\/arser.org\/#\/schema\/person\/392df787edae3de17a76357b647703c6","name":"adminC","image":{"@type":"ImageObject","inLanguage":"fr-FR","@id":"https:\/\/secure.gravatar.com\/avatar\/15fa25f064ea0f6cd4b5084949f109494363c688305276a8091d028dba8016b9?s=96&d=blank&r=g","url":"https:\/\/secure.gravatar.com\/avatar\/15fa25f064ea0f6cd4b5084949f109494363c688305276a8091d028dba8016b9?s=96&d=blank&r=g","contentUrl":"https:\/\/secure.gravatar.com\/avatar\/15fa25f064ea0f6cd4b5084949f109494363c688305276a8091d028dba8016b9?s=96&d=blank&r=g","caption":"adminC"},"url":"https:\/\/arser.org\/fr\/author\/admichris64\/"}]}},"_links":{"self":[{"href":"https:\/\/arser.org\/fr\/wp-json\/wp\/v2\/posts\/75","targetHints":{"allow":["GET"]}}],"collection":[{"href":"https:\/\/arser.org\/fr\/wp-json\/wp\/v2\/posts"}],"about":[{"href":"https:\/\/arser.org\/fr\/wp-json\/wp\/v2\/types\/post"}],"author":[{"embeddable":true,"href":"https:\/\/arser.org\/fr\/wp-json\/wp\/v2\/users\/1"}],"replies":[{"embeddable":true,"href":"https:\/\/arser.org\/fr\/wp-json\/wp\/v2\/comments?post=75"}],"version-history":[{"count":11,"href":"https:\/\/arser.org\/fr\/wp-json\/wp\/v2\/posts\/75\/revisions"}],"predecessor-version":[{"id":1906,"href":"https:\/\/arser.org\/fr\/wp-json\/wp\/v2\/posts\/75\/revisions\/1906"}],"wp:attachment":[{"href":"https:\/\/arser.org\/fr\/wp-json\/wp\/v2\/media?parent=75"}],"wp:term":[{"taxonomy":"category","embeddable":true,"href":"https:\/\/arser.org\/fr\/wp-json\/wp\/v2\/categories?post=75"},{"taxonomy":"post_tag","embeddable":true,"href":"https:\/\/arser.org\/fr\/wp-json\/wp\/v2\/tags?post=75"}],"curies":[{"name":"wp","href":"https:\/\/api.w.org\/{rel}","templated":true}]}}