{"id":73,"date":"2012-07-27T08:40:38","date_gmt":"2012-07-27T06:40:38","guid":{"rendered":"http:\/\/arser.org\/?p=73"},"modified":"2019-07-05T19:25:07","modified_gmt":"2019-07-05T17:25:07","slug":"un-article-du-docteur-p-f-pradat-dans-la-revue-neurologique","status":"publish","type":"post","link":"https:\/\/arser.org\/fr\/un-article-du-docteur-p-f-pradat-dans-la-revue-neurologique\/","title":{"rendered":"Les complications neurologiques de la radioth\u00e9rapie. Pr P.F. Pradat dans la \u00ab\u00a0Revue neurologique\u00a0\u00bb"},"content":{"rendered":"<p>Ne manquez pas de lire l\u2019article que le docteur Pierre-Fran\u00e7ois Pradat vient de publier dans la \u00ab\u00a0Revue neurologique\u00a0\u00bb, principale revue de la neurologie Fran\u00e7aise.<\/p>\n<p>Membre du comit\u00e9 scientifique de l\u2019ARSER le docteur Pierre-Fran\u00e7ois Pradat fait le point sur les complications neurologique de la radioth\u00e9rapie.<\/p>\n<p>Certes \u00e9crit \u00e0 l\u2019intention de sp\u00e9cialistes et donc d\u2019un acc\u00e8s difficile pour le profane, cet article contient n\u00e9anmoins une grande quantit\u00e9 d\u2019informations sur ces pathologies mal connues.<\/p>\n<p>Il a pu \u00eatre \u00e9crit avec le soutien de l\u2019ARSER et de son pr\u00e9sident Herv\u00e9 Lionel-Marie.<\/p>\n<p><strong>Neuropathies post-radiques : un dommage collat\u00e9ral chez les patients canc\u00e9reux long-survivants &#8211; 27\/06\/12<\/strong><br \/>\n<strong>Radiation-induced neuropathies: Collateral damage of improved cancer prognosis<\/strong><br \/>\n<em>Doi : 10.1016\/j.neurol.2011.11.013<br \/>\nP.-F. Pradat a, \u204e, b , T. Maisonobe c, D. Psimaras d, T. Lenglet c, R. Porcher e, J.-L. Lefaix f, S. Delanian g<\/em><\/p>\n<p>a D\u00e9partement des maladies du syst\u00e8me nerveux, h\u00f4pital Piti\u00e9-Salp\u00eatri\u00e8re, groupe hospitalier Piti\u00e9-Salp\u00eatri\u00e8re, 47, boulevard de l\u2019H\u00f4pital, 75013 Paris, France<br \/>\nb UMR 678, Inserm-UPMC, universit\u00e9 Pierre-e-Marie-Curie \u2013 Paris-06, groupe hospitalier Piti\u00e9-Salp\u00eatri\u00e8re, 47, boulevard de l\u2019H\u00f4pital, 75013 Paris, France<br \/>\nc D\u00e9partement d\u2019explorations fonctionnelles neurologiques, groupe hospitalier Piti\u00e9-Salp\u00eatri\u00e8re, 47, boulevard de l\u2019H\u00f4pital, 75013 Paris, France<br \/>\nd D\u00e9partement de neurologie Mazarin, groupe hospitalier Piti\u00e9-Salp\u00eatri\u00e8re, 47, boulevard de l\u2019H\u00f4pital, 75013 Paris, France<br \/>\ne D\u00e9partement de biostatistiques et informatique m\u00e9dicale, h\u00f4pital Saint-Louis, 1, avenue Claude-Vellefaux, 75475 Paris cedex 10, France<br \/>\nf Commissariat \u00e0 l\u2019\u00e9nergie atomique, direction des sciences du vivant, institut de radiobiologie cellulaire et mol\u00e9culaire, LARIA\/CIMAP-GANIL, boulevard Becquerel, 14070 Caen cedex 5, France<br \/>\ng Oncologie-radioth\u00e9rapie-radiopathologie, h\u00f4pital Saint-Louis, 1, avenue Claude-Vellefaux, 75475 Paris cedex 10, France<br \/>\n* Auteur correspondant.<br \/>\nBienvenue sur EM-consulte, la r\u00e9f\u00e9rence des professionnels de sant\u00e9.<br \/>\nSous presse. \u00c9preuves corrig\u00e9es par l&rsquo;auteur. Disponible en ligne depuis le mercredi 27 juin 2012<\/p>\n<p><strong>R\u00e9sum\u00e9<\/strong><\/p>\n<p>Introduction<br \/>\nAvec l\u2019am\u00e9lioration du pronostic de nombreux cancers, les complications tardives des traitements deviennent un enjeu de sant\u00e9 publique. Les neuropathies post-radiques, en dehors des plexopathies brachiales faisant suite \u00e0 l\u2019irradiation de cancers du sein, sont toutefois mal connues. Cet article a pour objectif de clarifier, par une revue actualis\u00e9e, les principales atteintes du syst\u00e8me nerveux p\u00e9riph\u00e9rique li\u00e9es \u00e0 la radioth\u00e9rapie.<\/p>\n<p>\u00c9tat des connaissances<br \/>\nDes formes cliniques nouvelles de neuropathies post-radiques ont \u00e9t\u00e9 d\u00e9crites, soulignant leur h\u00e9t\u00e9rog\u00e9n\u00e9it\u00e9. Cette h\u00e9t\u00e9rog\u00e9n\u00e9it\u00e9 est topographique, li\u00e9e \u00e0 la diversit\u00e9 des sites anatomiques irradi\u00e9s qui peuvent inclure les racines, plexus ou troncs nerveux. Elle est \u00e9galement \u00e9volutive avec une diff\u00e9rence entre des formes pr\u00e9coces d\u2019\u00e9volution souvent favorable et des formes tardives progressives. L\u2019am\u00e9lioration des m\u00e9thodes d\u2019investigation constitue un progr\u00e8s majeur pour le diagnostic diff\u00e9rentiel gr\u00e2ce \u00e0 l\u2019apport de l\u2019IRM, du PET-scan et plus r\u00e9cemment, de la radioth\u00e9rapie conformationnelle a posteriori.<\/p>\n<p>Perspectives et conclusions<br \/>\nL\u2019importance de diagnostiquer pr\u00e9cocement les complications tardives de la radioth\u00e9rapie est soulign\u00e9e par l\u2019\u00e9mergence de nouveaux traitements, agissant notamment sur le processus fibrotique. C\u2019est le cas de l\u2019association pentoxyfilline-tocoph\u00e9rol-clodronate (PENTOCLO, NCT01291433) pour laquelle un essai de phase III dans les neuropathies post-radiques est en cours.<\/p>\n<p><em><strong>Abstract<\/strong><\/em><\/p>\n<p>Introduction<br \/>\nBecause of the improvement of cancer prognosis, long-term damages of treatments become a medical and public health problem. Among the iatrogenic complications, neurological impairment is crucial to consider since motor disability and pain have a considerable impact on quality of life of long cancer survivors. However, radiation-induced neuropathies have not been the focus of great attention. The objective of this paper is to provide an updated review about the radiation-induced lesions of the peripheral nerve system.<\/p>\n<p>State of the art<br \/>\nRadiation-induced neuropathies are characterized by their heterogeneity in both symptoms and disease course. Signs and symptoms depend on the affected structures of the peripheral nerve system (nerve roots, nerve plexus or nerve trunks). Early-onset complications are often transient and late complications are usually progressive and associated with a poor prognosis. The most frequent and well known is delayed radiation-induced brachial plexopathy, which may follow breast cancer irradiation. Radiation-induced lumbosacral radiculoplexopathy is characterized by pure or predominant lower motor neuron signs. They can be misdiagnosed, confused with amyotrophic lateral sclerosis (ALS) or with leptomeningeal metastases since nodular MRI enhancement of the nerve roots of the cauda equina and increased cerebrospinal fluid protein content can be observed. In the absence of specific markers of the link with radiotherapy, the diagnosis of post-radiation neuropathy may be difficult. Recently, a posteriori conformal radiotherapy with 3D dosimetric reconstitution has been developed to link a precise anatomical site to unexpected excess irradiation.<\/p>\n<p>Perspectives and conclusion<br \/>\nThe importance of early diagnosis of radiation-induced neuropathies is underscored by the emergence of new disease-modifying treatments. Although the pathophysiology is not fully understood, it is already possible to target radiation-induced fibrosis but also associated factors such as ischemia, oxidative stress and inflammation. A phase III trial evaluating the association of pentoxifylline, tocopherol and clodronate (PENTOCLO, NCT01291433) in radiation-induced neuropathies is now recruiting.<\/p>\n<p><em>\u00a9 2012 Elsevier Masson SAS. Tous droits r\u00e9serv\u00e9s.<\/em><\/p>\n<p><strong>Vous pouvez retrouver ci-dessous le texte complet de cet article.<\/strong><\/p>\n<figure id=\"attachment_287\" aria-describedby=\"caption-attachment-287\" style=\"width: 82px\" class=\"wp-caption aligncenter\"><a href=\"http:\/\/arser.org\/wp-content\/uploads\/2017\/03\/PFP-SD-Neuropathies-post-radiques-Texte-complet.pdf\" target=\"_blank\" rel=\"noopener noreferrer\"><img loading=\"lazy\" decoding=\"async\" class=\"wp-image-287\" src=\"http:\/\/arser.org\/wp-content\/uploads\/2016\/10\/pdf-logo.png\" alt=\"Version PDF de l'article\" width=\"82\" height=\"93\" \/><\/a><figcaption id=\"caption-attachment-287\" class=\"wp-caption-text\">Version PDF de l&rsquo;article<\/figcaption><\/figure>\n","protected":false},"excerpt":{"rendered":"<p>Ne manquez pas de lire l\u2019article que le docteur Pierre-Fran\u00e7ois Pradat vient de publier dans la \u00ab\u00a0Revue neurologique\u00a0\u00bb, principale revue de la neurologie Fran\u00e7aise. Membre du comit\u00e9 scientifique de l\u2019ARSER le docteur Pierre-Fran\u00e7ois Pradat fait le point sur les complications neurologique de la radioth\u00e9rapie. Certes \u00e9crit \u00e0 l\u2019intention de sp\u00e9cialistes et donc d\u2019un acc\u00e8s difficile &hellip; <a href=\"https:\/\/arser.org\/fr\/un-article-du-docteur-p-f-pradat-dans-la-revue-neurologique\/\" class=\"more-link\">Continuer la lecture<span class=\"screen-reader-text\"> de &laquo;&nbsp;Les complications neurologiques de la radioth\u00e9rapie. Pr P.F. Pradat dans la \u00ab\u00a0Revue neurologique\u00a0\u00bb&nbsp;&raquo;<\/span><\/a><\/p>\n","protected":false},"author":1,"featured_media":0,"comment_status":"closed","ping_status":"closed","sticky":false,"template":"","format":"standard","meta":{"_bbp_topic_count":0,"_bbp_reply_count":0,"_bbp_total_topic_count":0,"_bbp_total_reply_count":0,"_bbp_voice_count":0,"_bbp_anonymous_reply_count":0,"_bbp_topic_count_hidden":0,"_bbp_reply_count_hidden":0,"_bbp_forum_subforum_count":0,"footnotes":""},"categories":[6],"tags":[],"class_list":["post-73","post","type-post","status-publish","format-standard","hentry","category-articles"],"yoast_head":"<!-- This site is optimized with the Yoast SEO plugin v27.3 - https:\/\/yoast.com\/product\/yoast-seo-wordpress\/ -->\n<title>Les complications neurologiques de la radioth\u00e9rapie. Pr P.F. Pradat dans la &quot;Revue neurologique&quot; - Association pour la Recherche sur les S\u00e9quelles de la Radioth\u00e9rapie<\/title>\n<meta name=\"robots\" content=\"index, follow, max-snippet:-1, max-image-preview:large, max-video-preview:-1\" \/>\n<link rel=\"canonical\" href=\"https:\/\/arser.org\/fr\/un-article-du-docteur-p-f-pradat-dans-la-revue-neurologique\/\" \/>\n<meta property=\"og:locale\" content=\"fr_FR\" \/>\n<meta property=\"og:type\" content=\"article\" \/>\n<meta property=\"og:title\" content=\"Les complications neurologiques de la radioth\u00e9rapie. Pr P.F. Pradat dans la &quot;Revue neurologique&quot; - Association pour la Recherche sur les S\u00e9quelles de la Radioth\u00e9rapie\" \/>\n<meta property=\"og:description\" content=\"Ne manquez pas de lire l\u2019article que le docteur Pierre-Fran\u00e7ois Pradat vient de publier dans la \u00ab\u00a0Revue neurologique\u00a0\u00bb, principale revue de la neurologie Fran\u00e7aise. Membre du comit\u00e9 scientifique de l\u2019ARSER le docteur Pierre-Fran\u00e7ois Pradat fait le point sur les complications neurologique de la radioth\u00e9rapie. Certes \u00e9crit \u00e0 l\u2019intention de sp\u00e9cialistes et donc d\u2019un acc\u00e8s difficile &hellip; Continuer la lecture de &laquo;&nbsp;Les complications neurologiques de la radioth\u00e9rapie. Pr P.F. Pradat dans la \u00ab\u00a0Revue neurologique\u00a0\u00bb&nbsp;&raquo;\" \/>\n<meta property=\"og:url\" content=\"https:\/\/arser.org\/fr\/un-article-du-docteur-p-f-pradat-dans-la-revue-neurologique\/\" \/>\n<meta property=\"og:site_name\" content=\"Association pour la Recherche sur les S\u00e9quelles de la Radioth\u00e9rapie\" \/>\n<meta property=\"article:publisher\" content=\"https:\/\/www.facebook.com\/profile.php?id=100086562396208\" \/>\n<meta property=\"article:published_time\" content=\"2012-07-27T06:40:38+00:00\" \/>\n<meta property=\"article:modified_time\" content=\"2019-07-05T17:25:07+00:00\" \/>\n<meta property=\"og:image\" content=\"http:\/\/arser.org\/wp-content\/uploads\/2016\/10\/pdf-logo.png\" \/>\n<meta name=\"author\" content=\"adminC\" \/>\n<meta name=\"twitter:card\" content=\"summary_large_image\" \/>\n<meta name=\"twitter:label1\" content=\"\u00c9crit par\" \/>\n\t<meta name=\"twitter:data1\" content=\"adminC\" \/>\n\t<meta name=\"twitter:label2\" content=\"Dur\u00e9e de lecture estim\u00e9e\" \/>\n\t<meta name=\"twitter:data2\" content=\"4 minutes\" \/>\n<script type=\"application\/ld+json\" class=\"yoast-schema-graph\">{\"@context\":\"https:\\\/\\\/schema.org\",\"@graph\":[{\"@type\":\"Article\",\"@id\":\"https:\\\/\\\/arser.org\\\/un-article-du-docteur-p-f-pradat-dans-la-revue-neurologique\\\/#article\",\"isPartOf\":{\"@id\":\"https:\\\/\\\/arser.org\\\/un-article-du-docteur-p-f-pradat-dans-la-revue-neurologique\\\/\"},\"author\":{\"name\":\"adminC\",\"@id\":\"https:\\\/\\\/arser.org\\\/#\\\/schema\\\/person\\\/392df787edae3de17a76357b647703c6\"},\"headline\":\"Les complications neurologiques de la radioth\u00e9rapie. Pr P.F. Pradat dans la \u00ab\u00a0Revue neurologique\u00a0\u00bb\",\"datePublished\":\"2012-07-27T06:40:38+00:00\",\"dateModified\":\"2019-07-05T17:25:07+00:00\",\"mainEntityOfPage\":{\"@id\":\"https:\\\/\\\/arser.org\\\/un-article-du-docteur-p-f-pradat-dans-la-revue-neurologique\\\/\"},\"wordCount\":896,\"publisher\":{\"@id\":\"https:\\\/\\\/arser.org\\\/#organization\"},\"image\":{\"@id\":\"https:\\\/\\\/arser.org\\\/un-article-du-docteur-p-f-pradat-dans-la-revue-neurologique\\\/#primaryimage\"},\"thumbnailUrl\":\"http:\\\/\\\/arser.org\\\/wp-content\\\/uploads\\\/2016\\\/10\\\/pdf-logo.png\",\"articleSection\":[\"Articles\"],\"inLanguage\":\"fr-FR\"},{\"@type\":\"WebPage\",\"@id\":\"https:\\\/\\\/arser.org\\\/fr\\\/un-article-du-docteur-p-f-pradat-dans-la-revue-neurologique\\\/\",\"url\":\"https:\\\/\\\/arser.org\\\/fr\\\/un-article-du-docteur-p-f-pradat-dans-la-revue-neurologique\\\/\",\"name\":\"Les complications neurologiques de la radioth\u00e9rapie. Pr P.F. Pradat dans la \\\"Revue neurologique\\\" - Association pour la Recherche sur les S\u00e9quelles de la Radioth\u00e9rapie\",\"isPartOf\":{\"@id\":\"https:\\\/\\\/arser.org\\\/fr\\\/#website\"},\"primaryImageOfPage\":{\"@id\":\"https:\\\/\\\/arser.org\\\/fr\\\/un-article-du-docteur-p-f-pradat-dans-la-revue-neurologique\\\/#primaryimage\"},\"image\":{\"@id\":\"https:\\\/\\\/arser.org\\\/un-article-du-docteur-p-f-pradat-dans-la-revue-neurologique\\\/#primaryimage\"},\"thumbnailUrl\":\"http:\\\/\\\/arser.org\\\/wp-content\\\/uploads\\\/2016\\\/10\\\/pdf-logo.png\",\"datePublished\":\"2012-07-27T06:40:38+00:00\",\"dateModified\":\"2019-07-05T17:25:07+00:00\",\"breadcrumb\":{\"@id\":\"https:\\\/\\\/arser.org\\\/fr\\\/un-article-du-docteur-p-f-pradat-dans-la-revue-neurologique\\\/#breadcrumb\"},\"inLanguage\":\"fr-FR\",\"potentialAction\":[{\"@type\":\"ReadAction\",\"target\":[[\"https:\\\/\\\/arser.org\\\/fr\\\/un-article-du-docteur-p-f-pradat-dans-la-revue-neurologique\\\/\"]]}]},{\"@type\":\"ImageObject\",\"inLanguage\":\"fr-FR\",\"@id\":\"https:\\\/\\\/arser.org\\\/fr\\\/un-article-du-docteur-p-f-pradat-dans-la-revue-neurologique\\\/#primaryimage\",\"url\":\"http:\\\/\\\/arser.org\\\/wp-content\\\/uploads\\\/2016\\\/10\\\/pdf-logo.png\",\"contentUrl\":\"http:\\\/\\\/arser.org\\\/wp-content\\\/uploads\\\/2016\\\/10\\\/pdf-logo.png\"},{\"@type\":\"BreadcrumbList\",\"@id\":\"https:\\\/\\\/arser.org\\\/fr\\\/un-article-du-docteur-p-f-pradat-dans-la-revue-neurologique\\\/#breadcrumb\",\"itemListElement\":[{\"@type\":\"ListItem\",\"position\":1,\"name\":\"Accueil\",\"item\":\"https:\\\/\\\/arser.org\\\/fr\\\/\"},{\"@type\":\"ListItem\",\"position\":2,\"name\":\"Les complications neurologiques de la radioth\u00e9rapie. Pr P.F. Pradat dans la \u00ab\u00a0Revue neurologique\u00a0\u00bb\"}]},{\"@type\":\"WebSite\",\"@id\":\"https:\\\/\\\/arser.org\\\/fr\\\/#website\",\"url\":\"https:\\\/\\\/arser.org\\\/fr\\\/\",\"name\":\"Association pour la Recherche sur les S\u00e9quelles de la Radioth\u00e9rapie\",\"description\":\"Aider les patients ayant suivi une radioth\u00e9rapie \u00e0 en minimiser les s\u00e9quelles\",\"publisher\":{\"@id\":\"https:\\\/\\\/arser.org\\\/fr\\\/#organization\"},\"potentialAction\":[{\"@type\":\"SearchAction\",\"target\":{\"@type\":\"EntryPoint\",\"urlTemplate\":\"https:\\\/\\\/arser.org\\\/fr\\\/?s={search_term_string}\"},\"query-input\":{\"@type\":\"PropertyValueSpecification\",\"valueRequired\":true,\"valueName\":\"search_term_string\"}}],\"inLanguage\":\"fr-FR\"},{\"@type\":\"Organization\",\"@id\":\"https:\\\/\\\/arser.org\\\/fr\\\/#organization\",\"name\":\"Association pour la Recherche sur les S\u00e9quelles de la Radioth\u00e9rapie\",\"url\":\"https:\\\/\\\/arser.org\\\/fr\\\/\",\"logo\":{\"@type\":\"ImageObject\",\"inLanguage\":\"fr-FR\",\"@id\":\"https:\\\/\\\/arser.org\\\/fr\\\/#\\\/schema\\\/logo\\\/image\\\/\",\"url\":\"https:\\\/\\\/arser.org\\\/wp-content\\\/uploads\\\/2022\\\/03\\\/logo-Grand-ARSER-web-carre.jpg\",\"contentUrl\":\"https:\\\/\\\/arser.org\\\/wp-content\\\/uploads\\\/2022\\\/03\\\/logo-Grand-ARSER-web-carre.jpg\",\"width\":300,\"height\":300,\"caption\":\"Association pour la Recherche sur les S\u00e9quelles de la Radioth\u00e9rapie\"},\"image\":{\"@id\":\"https:\\\/\\\/arser.org\\\/fr\\\/#\\\/schema\\\/logo\\\/image\\\/\"},\"sameAs\":[\"https:\\\/\\\/www.facebook.com\\\/profile.php?id=100086562396208\"]},{\"@type\":\"Person\",\"@id\":\"https:\\\/\\\/arser.org\\\/#\\\/schema\\\/person\\\/392df787edae3de17a76357b647703c6\",\"name\":\"adminC\",\"image\":{\"@type\":\"ImageObject\",\"inLanguage\":\"fr-FR\",\"@id\":\"https:\\\/\\\/secure.gravatar.com\\\/avatar\\\/15fa25f064ea0f6cd4b5084949f109494363c688305276a8091d028dba8016b9?s=96&d=blank&r=g\",\"url\":\"https:\\\/\\\/secure.gravatar.com\\\/avatar\\\/15fa25f064ea0f6cd4b5084949f109494363c688305276a8091d028dba8016b9?s=96&d=blank&r=g\",\"contentUrl\":\"https:\\\/\\\/secure.gravatar.com\\\/avatar\\\/15fa25f064ea0f6cd4b5084949f109494363c688305276a8091d028dba8016b9?s=96&d=blank&r=g\",\"caption\":\"adminC\"},\"url\":\"https:\\\/\\\/arser.org\\\/fr\\\/author\\\/admichris64\\\/\"}]}<\/script>\n<!-- \/ Yoast SEO plugin. -->","yoast_head_json":{"title":"Les complications neurologiques de la radioth\u00e9rapie. Pr P.F. Pradat dans la \"Revue neurologique\" - Association pour la Recherche sur les S\u00e9quelles de la Radioth\u00e9rapie","robots":{"index":"index","follow":"follow","max-snippet":"max-snippet:-1","max-image-preview":"max-image-preview:large","max-video-preview":"max-video-preview:-1"},"canonical":"https:\/\/arser.org\/fr\/un-article-du-docteur-p-f-pradat-dans-la-revue-neurologique\/","og_locale":"fr_FR","og_type":"article","og_title":"Les complications neurologiques de la radioth\u00e9rapie. Pr P.F. Pradat dans la \"Revue neurologique\" - Association pour la Recherche sur les S\u00e9quelles de la Radioth\u00e9rapie","og_description":"Ne manquez pas de lire l\u2019article que le docteur Pierre-Fran\u00e7ois Pradat vient de publier dans la \u00ab\u00a0Revue neurologique\u00a0\u00bb, principale revue de la neurologie Fran\u00e7aise. Membre du comit\u00e9 scientifique de l\u2019ARSER le docteur Pierre-Fran\u00e7ois Pradat fait le point sur les complications neurologique de la radioth\u00e9rapie. Certes \u00e9crit \u00e0 l\u2019intention de sp\u00e9cialistes et donc d\u2019un acc\u00e8s difficile &hellip; Continuer la lecture de &laquo;&nbsp;Les complications neurologiques de la radioth\u00e9rapie. Pr P.F. Pradat dans la \u00ab\u00a0Revue neurologique\u00a0\u00bb&nbsp;&raquo;","og_url":"https:\/\/arser.org\/fr\/un-article-du-docteur-p-f-pradat-dans-la-revue-neurologique\/","og_site_name":"Association pour la Recherche sur les S\u00e9quelles de la Radioth\u00e9rapie","article_publisher":"https:\/\/www.facebook.com\/profile.php?id=100086562396208","article_published_time":"2012-07-27T06:40:38+00:00","article_modified_time":"2019-07-05T17:25:07+00:00","og_image":[{"url":"http:\/\/arser.org\/wp-content\/uploads\/2016\/10\/pdf-logo.png","type":"","width":"","height":""}],"author":"adminC","twitter_card":"summary_large_image","twitter_misc":{"\u00c9crit par":"adminC","Dur\u00e9e de lecture estim\u00e9e":"4 minutes"},"schema":{"@context":"https:\/\/schema.org","@graph":[{"@type":"Article","@id":"https:\/\/arser.org\/un-article-du-docteur-p-f-pradat-dans-la-revue-neurologique\/#article","isPartOf":{"@id":"https:\/\/arser.org\/un-article-du-docteur-p-f-pradat-dans-la-revue-neurologique\/"},"author":{"name":"adminC","@id":"https:\/\/arser.org\/#\/schema\/person\/392df787edae3de17a76357b647703c6"},"headline":"Les complications neurologiques de la radioth\u00e9rapie. Pr P.F. Pradat dans la \u00ab\u00a0Revue neurologique\u00a0\u00bb","datePublished":"2012-07-27T06:40:38+00:00","dateModified":"2019-07-05T17:25:07+00:00","mainEntityOfPage":{"@id":"https:\/\/arser.org\/un-article-du-docteur-p-f-pradat-dans-la-revue-neurologique\/"},"wordCount":896,"publisher":{"@id":"https:\/\/arser.org\/#organization"},"image":{"@id":"https:\/\/arser.org\/un-article-du-docteur-p-f-pradat-dans-la-revue-neurologique\/#primaryimage"},"thumbnailUrl":"http:\/\/arser.org\/wp-content\/uploads\/2016\/10\/pdf-logo.png","articleSection":["Articles"],"inLanguage":"fr-FR"},{"@type":"WebPage","@id":"https:\/\/arser.org\/fr\/un-article-du-docteur-p-f-pradat-dans-la-revue-neurologique\/","url":"https:\/\/arser.org\/fr\/un-article-du-docteur-p-f-pradat-dans-la-revue-neurologique\/","name":"Les complications neurologiques de la radioth\u00e9rapie. Pr P.F. Pradat dans la \"Revue neurologique\" - Association pour la Recherche sur les S\u00e9quelles de la Radioth\u00e9rapie","isPartOf":{"@id":"https:\/\/arser.org\/fr\/#website"},"primaryImageOfPage":{"@id":"https:\/\/arser.org\/fr\/un-article-du-docteur-p-f-pradat-dans-la-revue-neurologique\/#primaryimage"},"image":{"@id":"https:\/\/arser.org\/un-article-du-docteur-p-f-pradat-dans-la-revue-neurologique\/#primaryimage"},"thumbnailUrl":"http:\/\/arser.org\/wp-content\/uploads\/2016\/10\/pdf-logo.png","datePublished":"2012-07-27T06:40:38+00:00","dateModified":"2019-07-05T17:25:07+00:00","breadcrumb":{"@id":"https:\/\/arser.org\/fr\/un-article-du-docteur-p-f-pradat-dans-la-revue-neurologique\/#breadcrumb"},"inLanguage":"fr-FR","potentialAction":[{"@type":"ReadAction","target":[["https:\/\/arser.org\/fr\/un-article-du-docteur-p-f-pradat-dans-la-revue-neurologique\/"]]}]},{"@type":"ImageObject","inLanguage":"fr-FR","@id":"https:\/\/arser.org\/fr\/un-article-du-docteur-p-f-pradat-dans-la-revue-neurologique\/#primaryimage","url":"http:\/\/arser.org\/wp-content\/uploads\/2016\/10\/pdf-logo.png","contentUrl":"http:\/\/arser.org\/wp-content\/uploads\/2016\/10\/pdf-logo.png"},{"@type":"BreadcrumbList","@id":"https:\/\/arser.org\/fr\/un-article-du-docteur-p-f-pradat-dans-la-revue-neurologique\/#breadcrumb","itemListElement":[{"@type":"ListItem","position":1,"name":"Accueil","item":"https:\/\/arser.org\/fr\/"},{"@type":"ListItem","position":2,"name":"Les complications neurologiques de la radioth\u00e9rapie. Pr P.F. Pradat dans la \u00ab\u00a0Revue neurologique\u00a0\u00bb"}]},{"@type":"WebSite","@id":"https:\/\/arser.org\/fr\/#website","url":"https:\/\/arser.org\/fr\/","name":"Association pour la Recherche sur les S\u00e9quelles de la Radioth\u00e9rapie","description":"Aider les patients ayant suivi une radioth\u00e9rapie \u00e0 en minimiser les s\u00e9quelles","publisher":{"@id":"https:\/\/arser.org\/fr\/#organization"},"potentialAction":[{"@type":"SearchAction","target":{"@type":"EntryPoint","urlTemplate":"https:\/\/arser.org\/fr\/?s={search_term_string}"},"query-input":{"@type":"PropertyValueSpecification","valueRequired":true,"valueName":"search_term_string"}}],"inLanguage":"fr-FR"},{"@type":"Organization","@id":"https:\/\/arser.org\/fr\/#organization","name":"Association pour la Recherche sur les S\u00e9quelles de la Radioth\u00e9rapie","url":"https:\/\/arser.org\/fr\/","logo":{"@type":"ImageObject","inLanguage":"fr-FR","@id":"https:\/\/arser.org\/fr\/#\/schema\/logo\/image\/","url":"https:\/\/arser.org\/wp-content\/uploads\/2022\/03\/logo-Grand-ARSER-web-carre.jpg","contentUrl":"https:\/\/arser.org\/wp-content\/uploads\/2022\/03\/logo-Grand-ARSER-web-carre.jpg","width":300,"height":300,"caption":"Association pour la Recherche sur les S\u00e9quelles de la Radioth\u00e9rapie"},"image":{"@id":"https:\/\/arser.org\/fr\/#\/schema\/logo\/image\/"},"sameAs":["https:\/\/www.facebook.com\/profile.php?id=100086562396208"]},{"@type":"Person","@id":"https:\/\/arser.org\/#\/schema\/person\/392df787edae3de17a76357b647703c6","name":"adminC","image":{"@type":"ImageObject","inLanguage":"fr-FR","@id":"https:\/\/secure.gravatar.com\/avatar\/15fa25f064ea0f6cd4b5084949f109494363c688305276a8091d028dba8016b9?s=96&d=blank&r=g","url":"https:\/\/secure.gravatar.com\/avatar\/15fa25f064ea0f6cd4b5084949f109494363c688305276a8091d028dba8016b9?s=96&d=blank&r=g","contentUrl":"https:\/\/secure.gravatar.com\/avatar\/15fa25f064ea0f6cd4b5084949f109494363c688305276a8091d028dba8016b9?s=96&d=blank&r=g","caption":"adminC"},"url":"https:\/\/arser.org\/fr\/author\/admichris64\/"}]}},"_links":{"self":[{"href":"https:\/\/arser.org\/fr\/wp-json\/wp\/v2\/posts\/73","targetHints":{"allow":["GET"]}}],"collection":[{"href":"https:\/\/arser.org\/fr\/wp-json\/wp\/v2\/posts"}],"about":[{"href":"https:\/\/arser.org\/fr\/wp-json\/wp\/v2\/types\/post"}],"author":[{"embeddable":true,"href":"https:\/\/arser.org\/fr\/wp-json\/wp\/v2\/users\/1"}],"replies":[{"embeddable":true,"href":"https:\/\/arser.org\/fr\/wp-json\/wp\/v2\/comments?post=73"}],"version-history":[{"count":24,"href":"https:\/\/arser.org\/fr\/wp-json\/wp\/v2\/posts\/73\/revisions"}],"predecessor-version":[{"id":4552,"href":"https:\/\/arser.org\/fr\/wp-json\/wp\/v2\/posts\/73\/revisions\/4552"}],"wp:attachment":[{"href":"https:\/\/arser.org\/fr\/wp-json\/wp\/v2\/media?parent=73"}],"wp:term":[{"taxonomy":"category","embeddable":true,"href":"https:\/\/arser.org\/fr\/wp-json\/wp\/v2\/categories?post=73"},{"taxonomy":"post_tag","embeddable":true,"href":"https:\/\/arser.org\/fr\/wp-json\/wp\/v2\/tags?post=73"}],"curies":[{"name":"wp","href":"https:\/\/api.w.org\/{rel}","templated":true}]}}