{"id":4263,"date":"2019-05-09T16:56:48","date_gmt":"2019-05-09T14:56:48","guid":{"rendered":"http:\/\/arser.org\/?p=4263"},"modified":"2022-06-20T15:27:22","modified_gmt":"2022-06-20T13:27:22","slug":"plexopathie-lombo-sacree","status":"publish","type":"post","link":"https:\/\/arser.org\/fr\/plexopathie-lombo-sacree\/","title":{"rendered":"Plexopathie lombo-sacr\u00e9e"},"content":{"rendered":"<p>Soign\u00e9 depuis 3 ans par le docteur Sylvie DELANIAN, je viens t\u00e9moigner de l&rsquo;am\u00e9lioration de ma sant\u00e9.<\/p>\n<p>Tout d&rsquo;abord mon histoire :<\/p>\n<p>En ao\u00fbt 1997, \u00e0 47 ans, d\u00e9couverte d&rsquo;un cancer colorectal.<\/p>\n<p>Traitement par radioth\u00e9rapie (25 s\u00e9ances pr\u00e9-op\u00e9ratoires) et chimioth\u00e9rapie.<\/p>\n<p>R\u00e9section colo-anale avec colostomie suivie de chimioth\u00e9rapie.<\/p>\n<p>Remise en continuit\u00e9 en mars 1998.<\/p>\n<p>Tr\u00e8s rapidement en 1998, lourdeur dans le pied gauche puis douleurs plus intenses au lever et au coucher. J&rsquo;ai appris \u00e0 vivre avec ces douleurs quotidiennes augment\u00e9es par la course ou la marche pendant une dizaine d&rsquo;ann\u00e9es.<\/p>\n<p>Puis, j&rsquo;ai constat\u00e9 une amyotrophie du mollet gauche et une claudication progressive est apparue.<\/p>\n<p>Fin 2013, apr\u00e8s un travail physique prolong\u00e9, j&rsquo;ai souffert de crampes tr\u00e8s douloureuses dans les 2 jambes avec fasciculations dans les mollets. La marche est devenue presque impossible.<\/p>\n<p>En mars 2014, apparition de troubles urinaires quotidiens et suite \u00e0 une 1\u00e8re EMG \u00e0 Saumur, une SLA est \u00e9voqu\u00e9e et un traitement est prescrit (RILUTEK et TOCO).<\/p>\n<p>Six mois plus tard, apr\u00e8s une 2\u00e8me EMG, le diagnostic de la SLA est remis en cause car la symptomatologie s&rsquo;est att\u00e9nu\u00e9e.<\/p>\n<p>En mars 2015, 3\u00e8me EMG \u00e0 Tours \u00e9voquant une radiculopathie des membres inf\u00e9rieurs.<\/p>\n<p>Je suis alors dirig\u00e9 sur Paris vers le Dr PRADAT qui diagnostique une Plexopathie radio-induite lombo-sacr\u00e9e et qui m&rsquo;envoie consulter le Dr DELANIAN.<\/p>\n<p>Depuis 3 ans je suis soign\u00e9 par le Dr Sylvie DELANIAN qui m&rsquo;a prescrit le traitement qu&rsquo;elle a mis au point. J&rsquo;ai constat\u00e9 une am\u00e9lioration rapide, les douleurs devenant supportables et la marche plus ais\u00e9e.<\/p>\n<p>Soup\u00e7onnant une st\u00e9nose des art\u00e8res suite aux douleurs persistant dans le mollet gauche, le Dr DELANIAN, apr\u00e8s un angio-scanner a mis en \u00e9vidence une st\u00e9nose serr\u00e9e \u00e0 70 % de l&rsquo;art\u00e8re iliaque gauche. La pose d&rsquo;un STENT depuis 1 an a contribu\u00e9 \u00e0 am\u00e9liorer grandement la marche et \u00e0 supprimer en grande partie les douleurs.<\/p>\n<p>Je suis maintenant capable de marcher 4 \u00e0 5 km sans difficult\u00e9.<\/p>\n<p>En conclusion, je suis tr\u00e8s reconnaissant au Dr Sylvie DELANIAN qui m&rsquo;a fait b\u00e9n\u00e9ficier de son traitement.<\/p>\n<p>Son expertise et les connaissances qu&rsquo;elle a accumul\u00e9es permettent de nourrir beaucoup d&rsquo;espoir pour soulager les patients qui souffrent des s\u00e9quelles de radioth\u00e9rapie.<\/p>\n<p>Robert P.<\/p>","protected":false},"excerpt":{"rendered":"<p>Soign\u00e9 depuis 3 ans par le docteur Sylvie DELANIAN, je viens t\u00e9moigner de l&rsquo;am\u00e9lioration de ma sant\u00e9. Tout d&rsquo;abord mon histoire : En ao\u00fbt 1997, \u00e0 47 ans, d\u00e9couverte d&rsquo;un cancer colorectal. Traitement par radioth\u00e9rapie (25 s\u00e9ances pr\u00e9-op\u00e9ratoires) et chimioth\u00e9rapie. R\u00e9section colo-anale avec colostomie suivie de chimioth\u00e9rapie. Remise en continuit\u00e9 en mars 1998. Tr\u00e8s rapidement &hellip; <a href=\"https:\/\/arser.org\/fr\/plexopathie-lombo-sacree\/\" class=\"more-link\">Continuer la lecture<span class=\"screen-reader-text\"> de &laquo;&nbsp;Plexopathie lombo-sacr\u00e9e&nbsp;&raquo;<\/span><\/a><\/p>\n","protected":false},"author":2,"featured_media":0,"comment_status":"closed","ping_status":"closed","sticky":false,"template":"","format":"standard","meta":{"_bbp_topic_count":0,"_bbp_reply_count":0,"_bbp_total_topic_count":0,"_bbp_total_reply_count":0,"_bbp_voice_count":0,"_bbp_anonymous_reply_count":0,"_bbp_topic_count_hidden":0,"_bbp_reply_count_hidden":0,"_bbp_forum_subforum_count":0,"footnotes":""},"categories":[10],"tags":[],"class_list":["post-4263","post","type-post","status-publish","format-standard","hentry","category-temoignage"],"yoast_head":"<!-- This site is optimized with the Yoast SEO plugin v27.3 - https:\/\/yoast.com\/product\/yoast-seo-wordpress\/ -->\n<title>Plexopathie lombo-sacr\u00e9e - Association pour la Recherche sur les S\u00e9quelles de la Radioth\u00e9rapie<\/title>\n<meta name=\"robots\" content=\"index, follow, max-snippet:-1, max-image-preview:large, max-video-preview:-1\" \/>\n<link rel=\"canonical\" href=\"https:\/\/arser.org\/fr\/plexopathie-lombo-sacree\/\" \/>\n<meta property=\"og:locale\" content=\"fr_FR\" \/>\n<meta property=\"og:type\" content=\"article\" \/>\n<meta property=\"og:title\" content=\"Plexopathie lombo-sacr\u00e9e - Association pour la Recherche sur les S\u00e9quelles de la Radioth\u00e9rapie\" \/>\n<meta property=\"og:description\" content=\"Soign\u00e9 depuis 3 ans par le docteur Sylvie DELANIAN, je viens t\u00e9moigner de l&rsquo;am\u00e9lioration de ma sant\u00e9. Tout d&rsquo;abord mon histoire : En ao\u00fbt 1997, \u00e0 47 ans, d\u00e9couverte d&rsquo;un cancer colorectal. Traitement par radioth\u00e9rapie (25 s\u00e9ances pr\u00e9-op\u00e9ratoires) et chimioth\u00e9rapie. R\u00e9section colo-anale avec colostomie suivie de chimioth\u00e9rapie. Remise en continuit\u00e9 en mars 1998. Tr\u00e8s rapidement &hellip; Continuer la lecture de &laquo;&nbsp;Plexopathie lombo-sacr\u00e9e&nbsp;&raquo;\" \/>\n<meta property=\"og:url\" content=\"https:\/\/arser.org\/fr\/plexopathie-lombo-sacree\/\" \/>\n<meta property=\"og:site_name\" content=\"Association pour la Recherche sur les S\u00e9quelles de la Radioth\u00e9rapie\" \/>\n<meta property=\"article:publisher\" content=\"https:\/\/www.facebook.com\/profile.php?id=100086562396208\" \/>\n<meta property=\"article:published_time\" content=\"2019-05-09T14:56:48+00:00\" \/>\n<meta property=\"article:modified_time\" content=\"2022-06-20T13:27:22+00:00\" \/>\n<meta name=\"author\" content=\"Jean-Bernard\" \/>\n<meta name=\"twitter:card\" content=\"summary_large_image\" \/>\n<meta name=\"twitter:label1\" content=\"\u00c9crit par\" \/>\n\t<meta name=\"twitter:data1\" content=\"Jean-Bernard\" \/>\n\t<meta name=\"twitter:label2\" content=\"Dur\u00e9e de lecture estim\u00e9e\" \/>\n\t<meta name=\"twitter:data2\" content=\"4 minutes\" \/>\n<script type=\"application\/ld+json\" class=\"yoast-schema-graph\">{\"@context\":\"https:\\\/\\\/schema.org\",\"@graph\":[{\"@type\":\"Article\",\"@id\":\"https:\\\/\\\/arser.org\\\/plexopathie-lombo-sacree\\\/#article\",\"isPartOf\":{\"@id\":\"https:\\\/\\\/arser.org\\\/plexopathie-lombo-sacree\\\/\"},\"author\":{\"name\":\"Jean-Bernard\",\"@id\":\"https:\\\/\\\/arser.org\\\/#\\\/schema\\\/person\\\/b6d3a6000863c3d3f1f7792672dda5e2\"},\"headline\":\"Plexopathie lombo-sacr\u00e9e\",\"datePublished\":\"2019-05-09T14:56:48+00:00\",\"dateModified\":\"2022-06-20T13:27:22+00:00\",\"mainEntityOfPage\":{\"@id\":\"https:\\\/\\\/arser.org\\\/plexopathie-lombo-sacree\\\/\"},\"wordCount\":733,\"publisher\":{\"@id\":\"https:\\\/\\\/arser.org\\\/#organization\"},\"articleSection\":[\"T\u00e9moignages\"],\"inLanguage\":\"fr-FR\"},{\"@type\":\"WebPage\",\"@id\":\"https:\\\/\\\/arser.org\\\/fr\\\/plexopathie-lombo-sacree\\\/\",\"url\":\"https:\\\/\\\/arser.org\\\/fr\\\/plexopathie-lombo-sacree\\\/\",\"name\":\"Plexopathie lombo-sacr\u00e9e - Association pour la Recherche sur les S\u00e9quelles de la Radioth\u00e9rapie\",\"isPartOf\":{\"@id\":\"https:\\\/\\\/arser.org\\\/fr\\\/#website\"},\"datePublished\":\"2019-05-09T14:56:48+00:00\",\"dateModified\":\"2022-06-20T13:27:22+00:00\",\"breadcrumb\":{\"@id\":\"https:\\\/\\\/arser.org\\\/fr\\\/plexopathie-lombo-sacree\\\/#breadcrumb\"},\"inLanguage\":\"fr-FR\",\"potentialAction\":[{\"@type\":\"ReadAction\",\"target\":[[\"https:\\\/\\\/arser.org\\\/fr\\\/plexopathie-lombo-sacree\\\/\"]]}]},{\"@type\":\"BreadcrumbList\",\"@id\":\"https:\\\/\\\/arser.org\\\/fr\\\/plexopathie-lombo-sacree\\\/#breadcrumb\",\"itemListElement\":[{\"@type\":\"ListItem\",\"position\":1,\"name\":\"Accueil\",\"item\":\"https:\\\/\\\/arser.org\\\/fr\\\/\"},{\"@type\":\"ListItem\",\"position\":2,\"name\":\"Plexopathie lombo-sacr\u00e9e\"}]},{\"@type\":\"WebSite\",\"@id\":\"https:\\\/\\\/arser.org\\\/fr\\\/#website\",\"url\":\"https:\\\/\\\/arser.org\\\/fr\\\/\",\"name\":\"Association pour la Recherche sur les S\u00e9quelles de la Radioth\u00e9rapie\",\"description\":\"Aider les patients ayant suivi une radioth\u00e9rapie \u00e0 en minimiser les s\u00e9quelles\",\"publisher\":{\"@id\":\"https:\\\/\\\/arser.org\\\/fr\\\/#organization\"},\"potentialAction\":[{\"@type\":\"SearchAction\",\"target\":{\"@type\":\"EntryPoint\",\"urlTemplate\":\"https:\\\/\\\/arser.org\\\/fr\\\/?s={search_term_string}\"},\"query-input\":{\"@type\":\"PropertyValueSpecification\",\"valueRequired\":true,\"valueName\":\"search_term_string\"}}],\"inLanguage\":\"fr-FR\"},{\"@type\":\"Organization\",\"@id\":\"https:\\\/\\\/arser.org\\\/fr\\\/#organization\",\"name\":\"Association pour la Recherche sur les S\u00e9quelles de la Radioth\u00e9rapie\",\"url\":\"https:\\\/\\\/arser.org\\\/fr\\\/\",\"logo\":{\"@type\":\"ImageObject\",\"inLanguage\":\"fr-FR\",\"@id\":\"https:\\\/\\\/arser.org\\\/fr\\\/#\\\/schema\\\/logo\\\/image\\\/\",\"url\":\"https:\\\/\\\/arser.org\\\/wp-content\\\/uploads\\\/2022\\\/03\\\/logo-Grand-ARSER-web-carre.jpg\",\"contentUrl\":\"https:\\\/\\\/arser.org\\\/wp-content\\\/uploads\\\/2022\\\/03\\\/logo-Grand-ARSER-web-carre.jpg\",\"width\":300,\"height\":300,\"caption\":\"Association pour la Recherche sur les S\u00e9quelles de la Radioth\u00e9rapie\"},\"image\":{\"@id\":\"https:\\\/\\\/arser.org\\\/fr\\\/#\\\/schema\\\/logo\\\/image\\\/\"},\"sameAs\":[\"https:\\\/\\\/www.facebook.com\\\/profile.php?id=100086562396208\"]},{\"@type\":\"Person\",\"@id\":\"https:\\\/\\\/arser.org\\\/#\\\/schema\\\/person\\\/b6d3a6000863c3d3f1f7792672dda5e2\",\"name\":\"Jean-Bernard\",\"image\":{\"@type\":\"ImageObject\",\"inLanguage\":\"fr-FR\",\"@id\":\"https:\\\/\\\/secure.gravatar.com\\\/avatar\\\/9c54af7365395da69a6e48e2c9591a467191cfa37198b8ca28bfbba1321616c8?s=96&d=blank&r=g\",\"url\":\"https:\\\/\\\/secure.gravatar.com\\\/avatar\\\/9c54af7365395da69a6e48e2c9591a467191cfa37198b8ca28bfbba1321616c8?s=96&d=blank&r=g\",\"contentUrl\":\"https:\\\/\\\/secure.gravatar.com\\\/avatar\\\/9c54af7365395da69a6e48e2c9591a467191cfa37198b8ca28bfbba1321616c8?s=96&d=blank&r=g\",\"caption\":\"Jean-Bernard\"},\"url\":\"https:\\\/\\\/arser.org\\\/fr\\\/author\\\/froidure-jean-bernard\\\/\"}]}<\/script>\n<!-- \/ Yoast SEO plugin. -->","yoast_head_json":{"title":"Plexopathie lombo-sacr\u00e9e - Association pour la Recherche sur les S\u00e9quelles de la Radioth\u00e9rapie","robots":{"index":"index","follow":"follow","max-snippet":"max-snippet:-1","max-image-preview":"max-image-preview:large","max-video-preview":"max-video-preview:-1"},"canonical":"https:\/\/arser.org\/fr\/plexopathie-lombo-sacree\/","og_locale":"fr_FR","og_type":"article","og_title":"Plexopathie lombo-sacr\u00e9e - Association pour la Recherche sur les S\u00e9quelles de la Radioth\u00e9rapie","og_description":"Soign\u00e9 depuis 3 ans par le docteur Sylvie DELANIAN, je viens t\u00e9moigner de l&rsquo;am\u00e9lioration de ma sant\u00e9. Tout d&rsquo;abord mon histoire : En ao\u00fbt 1997, \u00e0 47 ans, d\u00e9couverte d&rsquo;un cancer colorectal. Traitement par radioth\u00e9rapie (25 s\u00e9ances pr\u00e9-op\u00e9ratoires) et chimioth\u00e9rapie. R\u00e9section colo-anale avec colostomie suivie de chimioth\u00e9rapie. Remise en continuit\u00e9 en mars 1998. Tr\u00e8s rapidement &hellip; Continuer la lecture de &laquo;&nbsp;Plexopathie lombo-sacr\u00e9e&nbsp;&raquo;","og_url":"https:\/\/arser.org\/fr\/plexopathie-lombo-sacree\/","og_site_name":"Association pour la Recherche sur les S\u00e9quelles de la Radioth\u00e9rapie","article_publisher":"https:\/\/www.facebook.com\/profile.php?id=100086562396208","article_published_time":"2019-05-09T14:56:48+00:00","article_modified_time":"2022-06-20T13:27:22+00:00","author":"Jean-Bernard","twitter_card":"summary_large_image","twitter_misc":{"\u00c9crit par":"Jean-Bernard","Dur\u00e9e de lecture estim\u00e9e":"4 minutes"},"schema":{"@context":"https:\/\/schema.org","@graph":[{"@type":"Article","@id":"https:\/\/arser.org\/plexopathie-lombo-sacree\/#article","isPartOf":{"@id":"https:\/\/arser.org\/plexopathie-lombo-sacree\/"},"author":{"name":"Jean-Bernard","@id":"https:\/\/arser.org\/#\/schema\/person\/b6d3a6000863c3d3f1f7792672dda5e2"},"headline":"Plexopathie lombo-sacr\u00e9e","datePublished":"2019-05-09T14:56:48+00:00","dateModified":"2022-06-20T13:27:22+00:00","mainEntityOfPage":{"@id":"https:\/\/arser.org\/plexopathie-lombo-sacree\/"},"wordCount":733,"publisher":{"@id":"https:\/\/arser.org\/#organization"},"articleSection":["T\u00e9moignages"],"inLanguage":"fr-FR"},{"@type":"WebPage","@id":"https:\/\/arser.org\/fr\/plexopathie-lombo-sacree\/","url":"https:\/\/arser.org\/fr\/plexopathie-lombo-sacree\/","name":"Plexopathie lombo-sacr\u00e9e - Association pour la Recherche sur les S\u00e9quelles de la Radioth\u00e9rapie","isPartOf":{"@id":"https:\/\/arser.org\/fr\/#website"},"datePublished":"2019-05-09T14:56:48+00:00","dateModified":"2022-06-20T13:27:22+00:00","breadcrumb":{"@id":"https:\/\/arser.org\/fr\/plexopathie-lombo-sacree\/#breadcrumb"},"inLanguage":"fr-FR","potentialAction":[{"@type":"ReadAction","target":[["https:\/\/arser.org\/fr\/plexopathie-lombo-sacree\/"]]}]},{"@type":"BreadcrumbList","@id":"https:\/\/arser.org\/fr\/plexopathie-lombo-sacree\/#breadcrumb","itemListElement":[{"@type":"ListItem","position":1,"name":"Accueil","item":"https:\/\/arser.org\/fr\/"},{"@type":"ListItem","position":2,"name":"Plexopathie lombo-sacr\u00e9e"}]},{"@type":"WebSite","@id":"https:\/\/arser.org\/fr\/#website","url":"https:\/\/arser.org\/fr\/","name":"Association pour la Recherche sur les S\u00e9quelles de la Radioth\u00e9rapie","description":"Aider les patients ayant suivi une radioth\u00e9rapie \u00e0 en minimiser les s\u00e9quelles","publisher":{"@id":"https:\/\/arser.org\/fr\/#organization"},"potentialAction":[{"@type":"SearchAction","target":{"@type":"EntryPoint","urlTemplate":"https:\/\/arser.org\/fr\/?s={search_term_string}"},"query-input":{"@type":"PropertyValueSpecification","valueRequired":true,"valueName":"search_term_string"}}],"inLanguage":"fr-FR"},{"@type":"Organization","@id":"https:\/\/arser.org\/fr\/#organization","name":"Association pour la Recherche sur les S\u00e9quelles de la Radioth\u00e9rapie","url":"https:\/\/arser.org\/fr\/","logo":{"@type":"ImageObject","inLanguage":"fr-FR","@id":"https:\/\/arser.org\/fr\/#\/schema\/logo\/image\/","url":"https:\/\/arser.org\/wp-content\/uploads\/2022\/03\/logo-Grand-ARSER-web-carre.jpg","contentUrl":"https:\/\/arser.org\/wp-content\/uploads\/2022\/03\/logo-Grand-ARSER-web-carre.jpg","width":300,"height":300,"caption":"Association pour la Recherche sur les S\u00e9quelles de la Radioth\u00e9rapie"},"image":{"@id":"https:\/\/arser.org\/fr\/#\/schema\/logo\/image\/"},"sameAs":["https:\/\/www.facebook.com\/profile.php?id=100086562396208"]},{"@type":"Person","@id":"https:\/\/arser.org\/#\/schema\/person\/b6d3a6000863c3d3f1f7792672dda5e2","name":"Jean-Bernard","image":{"@type":"ImageObject","inLanguage":"fr-FR","@id":"https:\/\/secure.gravatar.com\/avatar\/9c54af7365395da69a6e48e2c9591a467191cfa37198b8ca28bfbba1321616c8?s=96&d=blank&r=g","url":"https:\/\/secure.gravatar.com\/avatar\/9c54af7365395da69a6e48e2c9591a467191cfa37198b8ca28bfbba1321616c8?s=96&d=blank&r=g","contentUrl":"https:\/\/secure.gravatar.com\/avatar\/9c54af7365395da69a6e48e2c9591a467191cfa37198b8ca28bfbba1321616c8?s=96&d=blank&r=g","caption":"Jean-Bernard"},"url":"https:\/\/arser.org\/fr\/author\/froidure-jean-bernard\/"}]}},"_links":{"self":[{"href":"https:\/\/arser.org\/fr\/wp-json\/wp\/v2\/posts\/4263","targetHints":{"allow":["GET"]}}],"collection":[{"href":"https:\/\/arser.org\/fr\/wp-json\/wp\/v2\/posts"}],"about":[{"href":"https:\/\/arser.org\/fr\/wp-json\/wp\/v2\/types\/post"}],"author":[{"embeddable":true,"href":"https:\/\/arser.org\/fr\/wp-json\/wp\/v2\/users\/2"}],"replies":[{"embeddable":true,"href":"https:\/\/arser.org\/fr\/wp-json\/wp\/v2\/comments?post=4263"}],"version-history":[{"count":12,"href":"https:\/\/arser.org\/fr\/wp-json\/wp\/v2\/posts\/4263\/revisions"}],"predecessor-version":[{"id":10805,"href":"https:\/\/arser.org\/fr\/wp-json\/wp\/v2\/posts\/4263\/revisions\/10805"}],"wp:attachment":[{"href":"https:\/\/arser.org\/fr\/wp-json\/wp\/v2\/media?parent=4263"}],"wp:term":[{"taxonomy":"category","embeddable":true,"href":"https:\/\/arser.org\/fr\/wp-json\/wp\/v2\/categories?post=4263"},{"taxonomy":"post_tag","embeddable":true,"href":"https:\/\/arser.org\/fr\/wp-json\/wp\/v2\/tags?post=4263"}],"curies":[{"name":"wp","href":"https:\/\/api.w.org\/{rel}","templated":true}]}}