{"id":18567,"date":"2024-01-24T14:43:28","date_gmt":"2024-01-24T13:43:28","guid":{"rendered":"https:\/\/arser.org\/?p=18567"},"modified":"2025-02-24T23:37:19","modified_gmt":"2025-02-24T22:37:19","slug":"meilleurs-voeux","status":"publish","type":"post","link":"https:\/\/arser.org\/fr\/meilleurs-voeux\/","title":{"rendered":"DUO EN MON JARDIN"},"content":{"rendered":"<p><\/p>\n<div style=\"border: 1px solid #007F92; font-family: 'Arial',sans-serif; margin: auto; padding: 1rem; width: 14cm;\">\n<p style=\"font-size: 14pt; font-weight: bold; text-align: center;\">DUO EN MON JARDIN<\/p>\n<p style=\"font-size: 10.5pt; font-style: italic; 9pt; text-align: right;\">\u00ab\u00a0Les chants d\u00e9sesp\u00e9r\u00e9s sont les chants les plus beaux<br \/>\nEt j&rsquo;en sais d\u2019immortels qui sont de purs sanglots.\u00a0\u00bb<\/p>\n<p style=\"font-size: 10pt; padding-right: 9pt; text-align: right;\">Alfred de Musset<\/p>\n<p style=\"font-size: 13pt; text-align: center;\">Le merle, en ce printemps, lance un chant si joyeux<br \/>\nQue pench\u00e9e au balcon, je le cherche des yeux :<br \/>\nAu fa\u00eete du grand c\u00e8dre, il salue le matin<br \/>\nEn offrant sa chanson aux accents cristallins.<br \/>\nEt moi, je tends l&rsquo;oreille \u00e0 ce pr\u00e9cieux cadeau<br \/>\nQui, dit-on, des humains all\u00e8ge le fardeau\u2026<\/p>\n<p style=\"font-size: 13pt; text-align: center;\">Le merle musicien, \u00e9veillant le silence,<br \/>\nHonore le soleil de ses notes qui dansent.<br \/>\nEnchantant mon jardin de sa douce pr\u00e9sence,<br \/>\nIl caresse un instant la fleur de l&rsquo;esp\u00e9rance<br \/>\nEt dans l&rsquo;aube naissante, sifflant \u00e0 perdre haleine,<br \/>\nIl semble ne chanter que pour bercer ma peine.<\/p>\n<p style=\"font-size: 13pt; text-align: center;\">* *<\/p>\n<p style=\"font-size: 13pt; text-align: center;\">Puis un merle nouveau se pose sur un ch\u00eane<br \/>\nEt entame un duo, comme on le fait sur sc\u00e8ne.<br \/>\nDans le jardin en fleurs aux teintes d\u2019aquarelle<br \/>\nIls clament alentour combien la vie est belle.<\/p>\n<p style=\"font-size: 13pt; text-align: center;\">Unissant leurs <em>Becs d&rsquo;Or<\/em>, les oiseaux se d\u00e9cha\u00eenent<br \/>\nEt moi, les yeux mi-clos, je sens fondre ma peine\u2026<\/p>\n<p style=\"text-align: right;\"><img decoding=\"async\" src=\"data:image\/png;base64,iVBORw0KGgoAAAANSUhEUgAAALAAAAApCAAAAACwtfwJAAAABGdBTUEAALGPC\/xhBQAAACBjSFJNAAB6JgAAgIQAAPoAAACA6AAAdTAAAOpgAAA6mAAAF3CculE8AAAAAnRSTlMAAHaTzTgAAAACYktHRAD\/h4\/MvwAAAAd0SU1FB+gBERYuHgqlwYgAAAABb3JOVAHPoneaAAAHfUlEQVRYw+0Y6Vda2f39J\/3cL\/Ohc07nnJnTni62zcw0SUePcahjNRoXlAiuQcEdRAWsgiIqBmNAFBAhKhiX4y4qihgBiQpuKDDZOunJEMfl9b6LqMmI9dXtS38f7n3v93u\/5d772+5DkP\/DeUAdWXndJuACYwrpnuS6jcADC90LZSGa67YCH6yXxjQvXZm2TfP8+WXI6DT+0+WrMHdjqLNRPHd+OSsdgqom7Yzjsu3VNurXNrq4F3OeC1bHxuWa66ph94LJUzx+2Rvzc+gWTgWgTAVmqsyxwTmvH4cm50WYO1FxK\/RkpfNcbUAuVaIVzo7USRy6zO7z26uKjyeQV0+iPM\/jeAJxrZCrsWkRqRec3wRcoIzI16Q+OZFUmBrQXsQWVgtGWZsy03i19j6MYC+LUk6Oz0rVKYwskhuxJpGZHVdrb39wkXszV30y8dQIURMsiLPzIrIwHrAkUaz7vYL\/JWMXUK\/WVB9UhOi8DpEOLxsIdc3N3muwdyC+4d0P\/Twzso6X00bkByJ5Ns8kwWXdwm2vhZow7Vam3B\/En88LyYHUOacCUWytpZVPD57HpRVFNTM4FLoU4EQfBn9HIYcQ5Ku4lypLDFAClyzTgQpfH1fYQU\/wNXdGWv3IhKDRR3g+oFCajn+5Nq3TWj7aW2aUAFml0lUK\/je+K8ryI9ASmNYR9zMXxnKSRs\/hORiiWo7LP\/x6pZlGBfZ2cLitI\/5dmNcNQ7qyROVEBgmDECmkAS1dMHb6SzIZuYkp\/i51dX5cVt+ikPA+qLGmtGRwL6kmgG2SEUcgihekRmak5mlefDEIKs7Ptskpqyxm8WvbsXpspjYcEWwtRXH5vv1eJDJ7FxCETWxorWOJfctoId+\/ywNzfXQnGMU3hyCWU4CJAdl\/ikFi922stkSJfdKmuFml0pnvf3yh5j870rGSRRgGa3kAuJYo9BUo9+ugcsSUTCmqI7HA2mOH4YfW0UU\/j4b2ZFRdmxZKAZ0DNfvQTVdERayYX4ZOwM0hRmHLGQzDLmkOOzyKTNaAQ0BGkKo\/wkpeEv8csuUyfey6yMzp7X10rjgoDatd7rqIlPbvvW\/fvfaivZ1HBndGyMEopYM1PAluxzCS20lxDE\/TN2WGPvIY4shnQ0drk7Jr\/DyT+v3d3e2XQ8QweyfR4Mc6RNR2PeXPXPjSdBue99O\/T\/jJ1kqp1fvvinSkNSgORtiDOh8huwhOPTEla++9e5vZQb+6Ie52IbUhOUP2N+\/e7KDoC7b00N51Igk42Bysb2Up2KaMEjIfJki08Vzna1Y+cKsHekxbYYucmeTvrrZmX25v72yjHTdpsU1+Sb15woFtxefJC9iLm1QKkV2\/83cmJobMi6JTsZ3LkTceYYiZmIOUX34fTlyidX\/nPWoI+8NfyL2Wf9kjiU3VtDZg7s4y\/zvpxrp9eRGLm5HPQN+yxeECJzMkijDfu5\/eV5PWFh7l2NfGg+zBgQdWnzuWnXBUHUyT27t7771vcn+d4k+06oSaF+hS+C1fIOnuTMN58K\/yA3pJxdufflzIin3b8\/tUE4YQU+0+ioBgxiZW2Lj39ctX6j+Fl8+iKGojfJlUQFG980zVJxMIubzKKn6FGjA2\/7YPsbGzsC6rloAdnzC0R5M3VHJTjSwm04DmrFEorWpr1nzkR2bp3N7O3k975b8hwzLjQUzf5nlRJ\/3Tgw2vifTNRkKj70FRsIYuqlJuSH6o+pSFIZ6T\/cGqvaXyrTGtQSRqTv9M+Ard3UXdob8IJt9l8\/NJ31IEUu34rMU8h+nqul3UwKB0Y6FPSgOjJaphjNLiYgpBbxzWhbhyYHzMx0HvRjxLlsmZNbCpEv6rfS\/qiCUlsAZGp4GgUYp4sp\/2RfoqArtQAelgZbFCOPelj+296MqMzkdczE\/+iWFawwb9sRpJd0En5jFZDT3FXyp3UXRvZ\/b2F19\/FRITldNiQj4ASVrGY+h2HV9h+VSRsTTTuoVYgLuaegA1dRYgXaUskAo2jMpW5cACdGR7Ju816mDQTcO8Oil2j3MoqsvYj0vz2odgLpHeO\/D21EK44FzZ+1ciVn4VyJA1N2ATyig47K\/lYTVH9hgiwsUDI7pucTpdpNEOGF3Ix7BsO3CycCzZWT7sJJQwProJT9zP5EyBfPSwLPTcqRrLIH7QT244EXuTxpf79DEHDkQnY2MtdWmuIDpDgmV0cwfm9uq7+iNOdvDY0YuOGhGbWdDYZQx8YYAweac6IE0ek8fhlD22HcdpUu7lmQJybP5D6XvI4WAji1GXHK2ZOCZAJzx2obNGpR\/vOYyj+kXkv0J7vCEgbbWnVT3z8dkYtad1YpHQUREJGVYdUXSiUH\/K1+V\/w9\/7r1hwswQE51xbRDNi7Kxg5Pqq7PpTw6kM3IRL\/9ETGNb0bbKyMhEyV1JIk1nPxNIeV3999hqlYvnk+IoH2TItnK0rt1TECPD37xcG61YcF4DNTWRdQkxVXJ+5uMBtWzYp0jJUV\/Jz9QJg1TCsoGWL7Ndtx1nBUM9mFGgu+a\/qBYI+PS7n0QWm0ssGd\/4d0RnK2cfwHyf3nCeKdCOsAAAAJXRFWHRkYXRlOmNyZWF0ZQAyMDI0LTAxLTE3VDIyOjQ0OjQwKzAwOjAwQcrqeAAAACV0RVh0ZGF0ZTptb2RpZnkAMjAyNC0wMS0xN1QyMjo0NDo0MCswMDowMDCXUsQAAAAASUVORK5CYII=\" \/><\/p>\n<\/div>\n<p><\/p>","protected":false},"excerpt":{"rendered":"<p>DUO EN MON JARDIN \u00ab\u00a0Les chants d\u00e9sesp\u00e9r\u00e9s sont les chants les plus beaux Et j&rsquo;en sais d\u2019immortels qui sont de purs sanglots.\u00a0\u00bb Alfred de Musset Le merle, en ce printemps, lance un chant si joyeux Que pench\u00e9e au balcon, je le cherche des yeux : Au fa\u00eete du grand c\u00e8dre, il salue le matin En &hellip; <a href=\"https:\/\/arser.org\/fr\/meilleurs-voeux\/\" class=\"more-link\">Continuer la lecture<span class=\"screen-reader-text\"> de &laquo;&nbsp;DUO EN MON JARDIN&nbsp;&raquo;<\/span><\/a><\/p>\n","protected":false},"author":1519,"featured_media":0,"comment_status":"closed","ping_status":"closed","sticky":false,"template":"","format":"standard","meta":{"_bbp_topic_count":0,"_bbp_reply_count":0,"_bbp_total_topic_count":0,"_bbp_total_reply_count":0,"_bbp_voice_count":0,"_bbp_anonymous_reply_count":0,"_bbp_topic_count_hidden":0,"_bbp_reply_count_hidden":0,"_bbp_forum_subforum_count":0,"footnotes":""},"categories":[9],"tags":[],"class_list":["post-18567","post","type-post","status-publish","format-standard","hentry","category-chroniques"],"yoast_head":"<!-- This site is optimized with the Yoast SEO plugin v27.3 - https:\/\/yoast.com\/product\/yoast-seo-wordpress\/ -->\n<title>DUO EN MON JARDIN - Association pour la Recherche sur les S\u00e9quelles de la Radioth\u00e9rapie<\/title>\n<meta name=\"robots\" content=\"index, follow, max-snippet:-1, max-image-preview:large, max-video-preview:-1\" \/>\n<link rel=\"canonical\" href=\"https:\/\/arser.org\/fr\/meilleurs-voeux\/\" \/>\n<meta property=\"og:locale\" content=\"fr_FR\" \/>\n<meta property=\"og:type\" content=\"article\" \/>\n<meta property=\"og:title\" content=\"DUO EN MON JARDIN - Association pour la Recherche sur les S\u00e9quelles de la Radioth\u00e9rapie\" \/>\n<meta property=\"og:description\" content=\"DUO EN MON JARDIN \u00ab\u00a0Les chants d\u00e9sesp\u00e9r\u00e9s sont les chants les plus beaux Et j&rsquo;en sais d\u2019immortels qui sont de purs sanglots.\u00a0\u00bb Alfred de Musset Le merle, en ce printemps, lance un chant si joyeux Que pench\u00e9e au balcon, je le cherche des yeux : Au fa\u00eete du grand c\u00e8dre, il salue le matin En &hellip; Continuer la lecture de &laquo;&nbsp;DUO EN MON JARDIN&nbsp;&raquo;\" \/>\n<meta property=\"og:url\" content=\"https:\/\/arser.org\/fr\/meilleurs-voeux\/\" \/>\n<meta property=\"og:site_name\" content=\"Association pour la Recherche sur les S\u00e9quelles de la Radioth\u00e9rapie\" \/>\n<meta property=\"article:publisher\" content=\"https:\/\/www.facebook.com\/profile.php?id=100086562396208\" \/>\n<meta property=\"article:published_time\" content=\"2024-01-24T13:43:28+00:00\" \/>\n<meta property=\"article:modified_time\" content=\"2025-02-24T22:37:19+00:00\" \/>\n<meta name=\"author\" content=\"AdminArser\" \/>\n<meta name=\"twitter:card\" content=\"summary_large_image\" \/>\n<meta name=\"twitter:label1\" content=\"\u00c9crit par\" \/>\n\t<meta name=\"twitter:data1\" content=\"AdminArser\" \/>\n\t<meta name=\"twitter:label2\" content=\"Dur\u00e9e de lecture estim\u00e9e\" \/>\n\t<meta name=\"twitter:data2\" content=\"2 minutes\" \/>\n<script type=\"application\/ld+json\" class=\"yoast-schema-graph\">{\"@context\":\"https:\\\/\\\/schema.org\",\"@graph\":[{\"@type\":\"Article\",\"@id\":\"https:\\\/\\\/arser.org\\\/meilleurs-voeux\\\/#article\",\"isPartOf\":{\"@id\":\"https:\\\/\\\/arser.org\\\/meilleurs-voeux\\\/\"},\"author\":{\"name\":\"AdminArser\",\"@id\":\"https:\\\/\\\/arser.org\\\/#\\\/schema\\\/person\\\/a837cb9f013360b3a2adb44bf636c891\"},\"headline\":\"DUO EN MON JARDIN\",\"datePublished\":\"2024-01-24T13:43:28+00:00\",\"dateModified\":\"2025-02-24T22:37:19+00:00\",\"mainEntityOfPage\":{\"@id\":\"https:\\\/\\\/arser.org\\\/meilleurs-voeux\\\/\"},\"wordCount\":396,\"publisher\":{\"@id\":\"https:\\\/\\\/arser.org\\\/#organization\"},\"articleSection\":[\"Chroniques\"],\"inLanguage\":\"fr-FR\"},{\"@type\":\"WebPage\",\"@id\":\"https:\\\/\\\/arser.org\\\/fr\\\/meilleurs-voeux\\\/\",\"url\":\"https:\\\/\\\/arser.org\\\/fr\\\/meilleurs-voeux\\\/\",\"name\":\"DUO EN MON JARDIN - Association pour la Recherche sur les S\u00e9quelles de la Radioth\u00e9rapie\",\"isPartOf\":{\"@id\":\"https:\\\/\\\/arser.org\\\/fr\\\/#website\"},\"datePublished\":\"2024-01-24T13:43:28+00:00\",\"dateModified\":\"2025-02-24T22:37:19+00:00\",\"breadcrumb\":{\"@id\":\"https:\\\/\\\/arser.org\\\/fr\\\/meilleurs-voeux\\\/#breadcrumb\"},\"inLanguage\":\"fr-FR\",\"potentialAction\":[{\"@type\":\"ReadAction\",\"target\":[[\"https:\\\/\\\/arser.org\\\/fr\\\/meilleurs-voeux\\\/\"]]}]},{\"@type\":\"BreadcrumbList\",\"@id\":\"https:\\\/\\\/arser.org\\\/fr\\\/meilleurs-voeux\\\/#breadcrumb\",\"itemListElement\":[{\"@type\":\"ListItem\",\"position\":1,\"name\":\"Accueil\",\"item\":\"https:\\\/\\\/arser.org\\\/fr\\\/\"},{\"@type\":\"ListItem\",\"position\":2,\"name\":\"DUO EN MON JARDIN\"}]},{\"@type\":\"WebSite\",\"@id\":\"https:\\\/\\\/arser.org\\\/fr\\\/#website\",\"url\":\"https:\\\/\\\/arser.org\\\/fr\\\/\",\"name\":\"Association pour la Recherche sur les S\u00e9quelles de la Radioth\u00e9rapie\",\"description\":\"Aider les patients ayant suivi une radioth\u00e9rapie \u00e0 en minimiser les s\u00e9quelles\",\"publisher\":{\"@id\":\"https:\\\/\\\/arser.org\\\/fr\\\/#organization\"},\"potentialAction\":[{\"@type\":\"SearchAction\",\"target\":{\"@type\":\"EntryPoint\",\"urlTemplate\":\"https:\\\/\\\/arser.org\\\/fr\\\/?s={search_term_string}\"},\"query-input\":{\"@type\":\"PropertyValueSpecification\",\"valueRequired\":true,\"valueName\":\"search_term_string\"}}],\"inLanguage\":\"fr-FR\"},{\"@type\":\"Organization\",\"@id\":\"https:\\\/\\\/arser.org\\\/fr\\\/#organization\",\"name\":\"Association pour la Recherche sur les S\u00e9quelles de la Radioth\u00e9rapie\",\"url\":\"https:\\\/\\\/arser.org\\\/fr\\\/\",\"logo\":{\"@type\":\"ImageObject\",\"inLanguage\":\"fr-FR\",\"@id\":\"https:\\\/\\\/arser.org\\\/fr\\\/#\\\/schema\\\/logo\\\/image\\\/\",\"url\":\"https:\\\/\\\/arser.org\\\/wp-content\\\/uploads\\\/2022\\\/03\\\/logo-Grand-ARSER-web-carre.jpg\",\"contentUrl\":\"https:\\\/\\\/arser.org\\\/wp-content\\\/uploads\\\/2022\\\/03\\\/logo-Grand-ARSER-web-carre.jpg\",\"width\":300,\"height\":300,\"caption\":\"Association pour la Recherche sur les S\u00e9quelles de la Radioth\u00e9rapie\"},\"image\":{\"@id\":\"https:\\\/\\\/arser.org\\\/fr\\\/#\\\/schema\\\/logo\\\/image\\\/\"},\"sameAs\":[\"https:\\\/\\\/www.facebook.com\\\/profile.php?id=100086562396208\"]},{\"@type\":\"Person\",\"@id\":\"https:\\\/\\\/arser.org\\\/#\\\/schema\\\/person\\\/a837cb9f013360b3a2adb44bf636c891\",\"name\":\"AdminArser\",\"image\":{\"@type\":\"ImageObject\",\"inLanguage\":\"fr-FR\",\"@id\":\"https:\\\/\\\/secure.gravatar.com\\\/avatar\\\/843f6acdab194e0868e42182ea477beb5f6728f13aec135eba9b31e4308ecc64?s=96&d=blank&r=g\",\"url\":\"https:\\\/\\\/secure.gravatar.com\\\/avatar\\\/843f6acdab194e0868e42182ea477beb5f6728f13aec135eba9b31e4308ecc64?s=96&d=blank&r=g\",\"contentUrl\":\"https:\\\/\\\/secure.gravatar.com\\\/avatar\\\/843f6acdab194e0868e42182ea477beb5f6728f13aec135eba9b31e4308ecc64?s=96&d=blank&r=g\",\"caption\":\"AdminArser\"},\"url\":\"https:\\\/\\\/arser.org\\\/fr\\\/author\\\/adminarser\\\/\"}]}<\/script>\n<!-- \/ Yoast SEO plugin. -->","yoast_head_json":{"title":"DUO EN MON JARDIN - Association pour la Recherche sur les S\u00e9quelles de la Radioth\u00e9rapie","robots":{"index":"index","follow":"follow","max-snippet":"max-snippet:-1","max-image-preview":"max-image-preview:large","max-video-preview":"max-video-preview:-1"},"canonical":"https:\/\/arser.org\/fr\/meilleurs-voeux\/","og_locale":"fr_FR","og_type":"article","og_title":"DUO EN MON JARDIN - Association pour la Recherche sur les S\u00e9quelles de la Radioth\u00e9rapie","og_description":"DUO EN MON JARDIN \u00ab\u00a0Les chants d\u00e9sesp\u00e9r\u00e9s sont les chants les plus beaux Et j&rsquo;en sais d\u2019immortels qui sont de purs sanglots.\u00a0\u00bb Alfred de Musset Le merle, en ce printemps, lance un chant si joyeux Que pench\u00e9e au balcon, je le cherche des yeux : Au fa\u00eete du grand c\u00e8dre, il salue le matin En &hellip; Continuer la lecture de &laquo;&nbsp;DUO EN MON JARDIN&nbsp;&raquo;","og_url":"https:\/\/arser.org\/fr\/meilleurs-voeux\/","og_site_name":"Association pour la Recherche sur les S\u00e9quelles de la Radioth\u00e9rapie","article_publisher":"https:\/\/www.facebook.com\/profile.php?id=100086562396208","article_published_time":"2024-01-24T13:43:28+00:00","article_modified_time":"2025-02-24T22:37:19+00:00","author":"AdminArser","twitter_card":"summary_large_image","twitter_misc":{"\u00c9crit par":"AdminArser","Dur\u00e9e de lecture estim\u00e9e":"2 minutes"},"schema":{"@context":"https:\/\/schema.org","@graph":[{"@type":"Article","@id":"https:\/\/arser.org\/meilleurs-voeux\/#article","isPartOf":{"@id":"https:\/\/arser.org\/meilleurs-voeux\/"},"author":{"name":"AdminArser","@id":"https:\/\/arser.org\/#\/schema\/person\/a837cb9f013360b3a2adb44bf636c891"},"headline":"DUO EN MON JARDIN","datePublished":"2024-01-24T13:43:28+00:00","dateModified":"2025-02-24T22:37:19+00:00","mainEntityOfPage":{"@id":"https:\/\/arser.org\/meilleurs-voeux\/"},"wordCount":396,"publisher":{"@id":"https:\/\/arser.org\/#organization"},"articleSection":["Chroniques"],"inLanguage":"fr-FR"},{"@type":"WebPage","@id":"https:\/\/arser.org\/fr\/meilleurs-voeux\/","url":"https:\/\/arser.org\/fr\/meilleurs-voeux\/","name":"DUO EN MON JARDIN - Association pour la Recherche sur les S\u00e9quelles de la Radioth\u00e9rapie","isPartOf":{"@id":"https:\/\/arser.org\/fr\/#website"},"datePublished":"2024-01-24T13:43:28+00:00","dateModified":"2025-02-24T22:37:19+00:00","breadcrumb":{"@id":"https:\/\/arser.org\/fr\/meilleurs-voeux\/#breadcrumb"},"inLanguage":"fr-FR","potentialAction":[{"@type":"ReadAction","target":[["https:\/\/arser.org\/fr\/meilleurs-voeux\/"]]}]},{"@type":"BreadcrumbList","@id":"https:\/\/arser.org\/fr\/meilleurs-voeux\/#breadcrumb","itemListElement":[{"@type":"ListItem","position":1,"name":"Accueil","item":"https:\/\/arser.org\/fr\/"},{"@type":"ListItem","position":2,"name":"DUO EN MON JARDIN"}]},{"@type":"WebSite","@id":"https:\/\/arser.org\/fr\/#website","url":"https:\/\/arser.org\/fr\/","name":"Association pour la Recherche sur les S\u00e9quelles de la Radioth\u00e9rapie","description":"Aider les patients ayant suivi une radioth\u00e9rapie \u00e0 en minimiser les s\u00e9quelles","publisher":{"@id":"https:\/\/arser.org\/fr\/#organization"},"potentialAction":[{"@type":"SearchAction","target":{"@type":"EntryPoint","urlTemplate":"https:\/\/arser.org\/fr\/?s={search_term_string}"},"query-input":{"@type":"PropertyValueSpecification","valueRequired":true,"valueName":"search_term_string"}}],"inLanguage":"fr-FR"},{"@type":"Organization","@id":"https:\/\/arser.org\/fr\/#organization","name":"Association pour la Recherche sur les S\u00e9quelles de la Radioth\u00e9rapie","url":"https:\/\/arser.org\/fr\/","logo":{"@type":"ImageObject","inLanguage":"fr-FR","@id":"https:\/\/arser.org\/fr\/#\/schema\/logo\/image\/","url":"https:\/\/arser.org\/wp-content\/uploads\/2022\/03\/logo-Grand-ARSER-web-carre.jpg","contentUrl":"https:\/\/arser.org\/wp-content\/uploads\/2022\/03\/logo-Grand-ARSER-web-carre.jpg","width":300,"height":300,"caption":"Association pour la Recherche sur les S\u00e9quelles de la Radioth\u00e9rapie"},"image":{"@id":"https:\/\/arser.org\/fr\/#\/schema\/logo\/image\/"},"sameAs":["https:\/\/www.facebook.com\/profile.php?id=100086562396208"]},{"@type":"Person","@id":"https:\/\/arser.org\/#\/schema\/person\/a837cb9f013360b3a2adb44bf636c891","name":"AdminArser","image":{"@type":"ImageObject","inLanguage":"fr-FR","@id":"https:\/\/secure.gravatar.com\/avatar\/843f6acdab194e0868e42182ea477beb5f6728f13aec135eba9b31e4308ecc64?s=96&d=blank&r=g","url":"https:\/\/secure.gravatar.com\/avatar\/843f6acdab194e0868e42182ea477beb5f6728f13aec135eba9b31e4308ecc64?s=96&d=blank&r=g","contentUrl":"https:\/\/secure.gravatar.com\/avatar\/843f6acdab194e0868e42182ea477beb5f6728f13aec135eba9b31e4308ecc64?s=96&d=blank&r=g","caption":"AdminArser"},"url":"https:\/\/arser.org\/fr\/author\/adminarser\/"}]}},"_links":{"self":[{"href":"https:\/\/arser.org\/fr\/wp-json\/wp\/v2\/posts\/18567","targetHints":{"allow":["GET"]}}],"collection":[{"href":"https:\/\/arser.org\/fr\/wp-json\/wp\/v2\/posts"}],"about":[{"href":"https:\/\/arser.org\/fr\/wp-json\/wp\/v2\/types\/post"}],"author":[{"embeddable":true,"href":"https:\/\/arser.org\/fr\/wp-json\/wp\/v2\/users\/1519"}],"replies":[{"embeddable":true,"href":"https:\/\/arser.org\/fr\/wp-json\/wp\/v2\/comments?post=18567"}],"version-history":[{"count":5,"href":"https:\/\/arser.org\/fr\/wp-json\/wp\/v2\/posts\/18567\/revisions"}],"predecessor-version":[{"id":19027,"href":"https:\/\/arser.org\/fr\/wp-json\/wp\/v2\/posts\/18567\/revisions\/19027"}],"wp:attachment":[{"href":"https:\/\/arser.org\/fr\/wp-json\/wp\/v2\/media?parent=18567"}],"wp:term":[{"taxonomy":"category","embeddable":true,"href":"https:\/\/arser.org\/fr\/wp-json\/wp\/v2\/categories?post=18567"},{"taxonomy":"post_tag","embeddable":true,"href":"https:\/\/arser.org\/fr\/wp-json\/wp\/v2\/tags?post=18567"}],"curies":[{"name":"wp","href":"https:\/\/api.w.org\/{rel}","templated":true}]}}