{"id":1897,"date":"2017-10-22T17:37:52","date_gmt":"2017-10-22T15:37:52","guid":{"rendered":"http:\/\/arser.org\/?p=1897"},"modified":"2018-10-17T16:49:55","modified_gmt":"2018-10-17T14:49:55","slug":"orn-osteoradionecrose-mandibulaire-de-bonnes-nouvelles-pour-les-patients","status":"publish","type":"post","link":"https:\/\/arser.org\/en\/orn-osteoradionecrose-mandibulaire-de-bonnes-nouvelles-pour-les-patients\/","title":{"rendered":"Radioprotection"},"content":{"rendered":"<p><\/p>\n<h6><em><strong>3<sup>\u00e8me<\/sup>\u00a0Rencontres Radioprotection dans le domaine m\u00e9dical :\u00a0<\/strong><strong>Professionnels, usagers, tous concern\u00e9s. Lille, 14\/11\/2017<\/strong><\/em><\/h6>\n<p>Le mardi 14 novembre 2017, se sont tenues \u00e0 Lille les \u00ab\u00a03\u00e8mes Rencontres Radioprotection dans le domaine m\u00e9dical \u2013 Professionnels, usagers, tous concern\u00e9s\u00a0\u00bb.\u00a0<strong>L\u2019ARSER a \u00e9t\u00e9 invit\u00e9e<\/strong>\u00a0par l\u2019organisatrice des Rencontres, Anita Villers, Pr\u00e9sidente de l\u2019Association Environnement et D\u00e9veloppement Alternatif (EDA), Jean-Pierre Briot, Charg\u00e9 Relations ext\u00e9rieures et D\u00e9l\u00e9gu\u00e9 \u00eele de France nous a repr\u00e9sent\u00e9s.<\/p>\n<p>La Journ\u00e9e \u00e9tait tr\u00e8s bien organis\u00e9e et d\u2019une richesse et qualit\u00e9 rares, structur\u00e9e en tables-rondes r\u00e9unissant des sp\u00e9cialistes, avec un spectre large\u00a0: des aspects institutionnels et r\u00e9glementaires de la protection, aux aspects scientifiques, techniques, de formation, et bien s\u00fbr m\u00e9dicaux, entre autres les m\u00e9rites et effets collat\u00e9raux \u00e9ventuels de la radioth\u00e9rapie. 25 intervenants et 160 participants.<\/p>\n<p>Notre pr\u00e9sentation s\u2019ins\u00e9rait dans la table-ronde \u00ab\u00a0Am\u00e9liorer la protection des patients et de leur entourage\u00a0\u00bb. Plut\u00f4t qu\u2019une pr\u00e9sentation institutionnelle, nous avons pr\u00e9f\u00e9r\u00e9 ancrer et illustrer les motivations, questions trait\u00e9es et actions de l\u2019ARSER, par un point de vue patient (le n\u00f4tre\u00a0!), tout en le corr\u00e9lant aux objectifs et actions de l\u2019ARSER, qui \u00e9taient affich\u00e9es sur l\u2019\u00e9cran. Nous avons soulev\u00e9 la question du suivi des \u00ab\u00a0longs survivants\u00a0\u00bb et de l\u2019int\u00e9r\u00eat d\u2019anticiper des l\u00e9sions radio-induites, dont les sympt\u00f4mes peuvent appara\u00eetre apr\u00e8s la p\u00e9riode \u00e9ventuelle de r\u00e9mission consid\u00e9r\u00e9e compl\u00e8te et d\u00e9finitive.<\/p>\n<p><img loading=\"lazy\" decoding=\"async\" class=\"alignnone size-medium wp-image-1984\" src=\"http:\/\/arser.org\/wp-content\/uploads\/2017\/11\/BRIOT-JP-Copie-153x300.jpg\" alt=\"\" width=\"153\" height=\"300\" srcset=\"https:\/\/arser.org\/wp-content\/uploads\/2017\/11\/BRIOT-JP-Copie-153x300.jpg 153w, https:\/\/arser.org\/wp-content\/uploads\/2017\/11\/BRIOT-JP-Copie.jpg 336w\" sizes=\"auto, (max-width: 153px) 85vw, 153px\" \/>\u00a0 \u00a0 \u00a0 \u00a0 \u00a0 \u00a0 \u00a0 \u00a0 \u00a0 \u00a0 \u00a0 \u00a0 \u00a0 \u00a0 \u00a0 \u00a0 \u00a0<img loading=\"lazy\" decoding=\"async\" class=\"alignnone size-medium wp-image-1985\" src=\"http:\/\/arser.org\/wp-content\/uploads\/2017\/11\/3\u00e9mes-Rencontres-Lille-Copie-300x209.jpg\" alt=\"\" width=\"300\" height=\"209\" srcset=\"https:\/\/arser.org\/wp-content\/uploads\/2017\/11\/3\u00e9mes-Rencontres-Lille-Copie-300x209.jpg 300w, https:\/\/arser.org\/wp-content\/uploads\/2017\/11\/3\u00e9mes-Rencontres-Lille-Copie-768x535.jpg 768w, https:\/\/arser.org\/wp-content\/uploads\/2017\/11\/3\u00e9mes-Rencontres-Lille-Copie.jpg 938w\" sizes=\"auto, (max-width: 300px) 85vw, 300px\" \/><\/p>\n<p>Nous avons eu un certain nombre de retours tr\u00e8s positifs de participants ainsi que de l\u2019organisatrice, Anita Villers, sur notre intervention et sur l\u2019ARSER. Signalons que certains expos\u00e9s ont \u00e9t\u00e9 une source d\u2019informations tr\u00e8s int\u00e9ressantes et de contacts. Nous citerons notamment\u00a0: Xavier Mirabel (radioth\u00e9rapeute, Centre Oscar Lambret, Lille) et Thierry Sarrazin (physicien m\u00e9dical, Centre Oscar Lambret, Lille), sur la radioth\u00e9rapie et ses effets\u00a0; Michel Bourguignon (conseiller, IRSN, Fontenay-aux-Roses), sur la r\u00e9ponse individuelle aux rayonnements ionisants\u00a0; Esther Bouche (physicienne m\u00e9dicale, Centre L\u00e9onard de Vinci, Douai), sur les progr\u00e8s techniques et th\u00e9rapeutiques des plateformes de radioth\u00e9rapie robotis\u00e9es (CyberKnife)\u00a0; Olivier Guipaud (chercheur en radiobiologie, LRMed\/IRSN, Fontenay-aux-Roses), sur les progr\u00e8s scientifiques pour anticiper et r\u00e9duire les impacts des radioth\u00e9rapies\u00a0; No\u00eblle Mathieu (chercheure en radiobiologie, LRMed\/IRSN, Fontenay-aux-Roses), sur les espoirs de la th\u00e9rapie cellulaire utilisant les cellules souches pour le traitement des l\u00e9sions radio-induites.<\/p>\n<p>&nbsp;<\/p>\n<h6><strong><em>Mandibular osteoradionecrosis &#8211; Good news for patients<\/em><\/strong><\/h6>\n<p>Le Pr Sylvie Delanian, notre Pr\u00e9sidente, a \u00e9t\u00e9 invit\u00e9e pour pr\u00e9senter \u00ab\u00a0son\u00a0\u00bb traitement PENTOCLO dans le cadre d\u2019un enseignement europ\u00e9en sur la prise en charge de l\u2019ost\u00e9oradion\u00e9crose mandibulaire. Son intervention s\u2019est tenue au sein du 53\u00e8me Congr\u00e8s de la Soci\u00e9t\u00e9 Fran\u00e7aise de Stomatologie, Chirurgie Maxillo-Faciale et Chirurgie Orale \u00e0 Marseille, le vendredi 6 octobre 2017.<\/p>\n<p>Cette conf\u00e9rence ORN, organis\u00e9e \u00e0 Marseille par le Pr Isabelle BARTHELEMY, a \u00e9t\u00e9 des plus constructives.\u00a0La session enti\u00e8re a \u00e9t\u00e9 consacr\u00e9e \u00e0 l\u2019ost\u00e9oradion\u00e9crose mandibulaire\u00a0: avec les interventions du Pr Laurent DEVOIZE en chirurgie orale et du Pr Claire MAJOUFRE chirurgienne maxillo-facial.<\/p>\n<p>Tous deux ont rapport\u00e9 une exp\u00e9rience tr\u00e8s positive de la pratique du PENTOCLO l\u2019un \u00e0 Clermont-Ferrand, l\u2019autre \u00e0 Bordeaux, initi\u00e9e depuis la conf\u00e9rence inaugurale donn\u00e9e par le Pr Sylvie Delanian \u00e0 la Soci\u00e9t\u00e9 Fran\u00e7aise de Canc\u00e9rologie Cervico-Faciale de 2013 en Belgique.<\/p>\n<p>Ainsi, le travail r\u00e9alis\u00e9 \u00e0 l\u2019h\u00f4pital Saint Louis a re\u00e7u un vif succ\u00e8s dans sa nouvelle version \u00ab\u00a0saison 3\u00a0\u00bb incluant un traitement d\u2019entretien.<\/p>\n<p>Il est \u00e0 noter aussi que 3 th\u00e8ses de m\u00e9decine ont \u00e9t\u00e9 \u00e9crites en France sur l\u2019int\u00e9r\u00eat du PENTOCLO dans l\u2019ORN entre 2011 et 2017 (Caen, Lyon, Clermont Ferrand).<\/p>\n<p>Deux th\u00e8ses de m\u00e9decine\/odontologie sont aussi en pr\u00e9paration \u00e0 l\u2019\u00e9tranger \u00e0 Barcelone et Londres, en parall\u00e8le avec des conf\u00e9rences en Maxillo-Facial. Ces invitations pour faire conna\u00eetre\/enseigner le traitement m\u00e9dical (PENTOCLO) ont \u00e9t\u00e9 diligent\u00e9es par la Soci\u00e9t\u00e9 Catalane (28\/01\/2017) et la Royal Society of London (10\/11\/2017).<\/p>\n<p>Donc, de bonnes nouvelles pour les patients !<\/p>\n<p>Jean-Bernard Froidure, Secr\u00e9taire g\u00e9n\u00e9ral<\/p>\n<p>&nbsp;<\/p>\n<h6><em><strong>Once more, tangible progress regarding the ORN &#8211; mandibular ost\u00e9oradion\u00e9crose!<\/strong><\/em><\/h6>\n<p>Le Pr Sylvie Delanian, Pr\u00e9sidente de l\u2019ARSER, est intervenue ce vendredi 10 novembre 2017 lors des controverses (d\u00e9bats) scientifiques de l&#8217;UCLH (University College London Hospitals) pr\u00e9sid\u00e9es par le Pr Mark McGurk Consultant en chirurgie buccale et maxillo-faciale et chirurgien de la t\u00eate et du cou.<\/p>\n<p>Londres a fait honneur \u00e0 la &#8220;French touch&#8221;. En effet, les chirurgiens maxillo-faciaux et dentistes de Grande Bretagne ont montr\u00e9\u00a0que\u00a0l&#8217;association Pentoxifylline-Tocopherol apr\u00e8s\u00a0extraction\u00a0dentaire est efficace dans la\u00a0pr\u00e9vention de l&#8217;ost\u00e9oradion\u00e9crose mandibulaire. Cet essai positif, construit \u00e0 partir des travaux men\u00e9s par le Pr Delanian, est une belle avanc\u00e9e pragmatique.<\/p>\n<p>De plus, il est envisag\u00e9 de d\u00e9buter un essai anglais PENTOCLO pour traiter l&#8217;osteoradion\u00e9crose mandibulaire av\u00e9r\u00e9e, calqu\u00e9 sur\u00a0l&#8217;exp\u00e9rience de l&#8217;h\u00f4pital St-Louis !<\/p>\n<p>Enfin, le Pr Delanian a pr\u00e9sent\u00e9 les r\u00e9sultats du\u00a0traitement m\u00e9dical sans chirurgie, par PENTOCLO suivi de consolidation pour les fractures mandibulaires sur osteoradion\u00e9crose, ce qui a &#8220;d\u00e9coiff\u00e9&#8221; l&#8217;auditoire&#8230;<\/p>\n<p>L\u2019ARSER est heureuse de vous communiquer ces informations positives et encourageantes. Hauts les c\u0153urs\u00a0!<\/p>\n<p>Jean-Bernard Froidure, Secr\u00e9taire g\u00e9n\u00e9ral<\/p>","protected":false},"excerpt":{"rendered":"<p>3\u00e8me\u00a0Rencontres Radioprotection dans le domaine m\u00e9dical :\u00a0Professionnels, usagers, tous concern\u00e9s. Lille, 14\/11\/2017 Le mardi 14 novembre 2017, se sont tenues \u00e0 Lille les \u00ab\u00a03\u00e8mes Rencontres Radioprotection dans le domaine m\u00e9dical \u2013 Professionnels, usagers, tous concern\u00e9s\u00a0\u00bb.\u00a0L\u2019ARSER a \u00e9t\u00e9 invit\u00e9e\u00a0par l\u2019organisatrice des Rencontres, Anita Villers, Pr\u00e9sidente de l\u2019Association Environnement et D\u00e9veloppement Alternatif (EDA), Jean-Pierre Briot, Charg\u00e9 Relations &hellip; <a href=\"https:\/\/arser.org\/en\/orn-osteoradionecrose-mandibulaire-de-bonnes-nouvelles-pour-les-patients\/\" class=\"more-link\">Continue reading<span class=\"screen-reader-text\"> &#8220;Radioprotection&#8221;<\/span><\/a><\/p>\n","protected":false},"author":2,"featured_media":0,"comment_status":"closed","ping_status":"closed","sticky":false,"template":"","format":"standard","meta":{"_bbp_topic_count":0,"_bbp_reply_count":0,"_bbp_total_topic_count":0,"_bbp_total_reply_count":0,"_bbp_voice_count":0,"_bbp_anonymous_reply_count":0,"_bbp_topic_count_hidden":0,"_bbp_reply_count_hidden":0,"_bbp_forum_subforum_count":0,"footnotes":""},"categories":[6],"tags":[],"class_list":["post-1897","post","type-post","status-publish","format-standard","hentry","category-articles"],"yoast_head":"<!-- This site is optimized with the Yoast SEO plugin v27.3 - https:\/\/yoast.com\/product\/yoast-seo-wordpress\/ -->\n<title>Radioprotection - Association pour la Recherche sur les S\u00e9quelles de la Radioth\u00e9rapie<\/title>\n<meta name=\"robots\" content=\"index, follow, max-snippet:-1, max-image-preview:large, max-video-preview:-1\" \/>\n<link rel=\"canonical\" href=\"https:\/\/arser.org\/en\/orn-osteoradionecrose-mandibulaire-de-bonnes-nouvelles-pour-les-patients\/\" \/>\n<meta property=\"og:locale\" content=\"en_US\" \/>\n<meta property=\"og:type\" content=\"article\" \/>\n<meta property=\"og:title\" content=\"Radioprotection - Association pour la Recherche sur les S\u00e9quelles de la Radioth\u00e9rapie\" \/>\n<meta property=\"og:description\" content=\"3\u00e8me\u00a0Rencontres Radioprotection dans le domaine m\u00e9dical :\u00a0Professionnels, usagers, tous concern\u00e9s. Lille, 14\/11\/2017 Le mardi 14 novembre 2017, se sont tenues \u00e0 Lille les \u00ab\u00a03\u00e8mes Rencontres Radioprotection dans le domaine m\u00e9dical \u2013 Professionnels, usagers, tous concern\u00e9s\u00a0\u00bb.\u00a0L\u2019ARSER a \u00e9t\u00e9 invit\u00e9e\u00a0par l\u2019organisatrice des Rencontres, Anita Villers, Pr\u00e9sidente de l\u2019Association Environnement et D\u00e9veloppement Alternatif (EDA), Jean-Pierre Briot, Charg\u00e9 Relations &hellip; Continue reading &quot;Radioprotection&quot;\" \/>\n<meta property=\"og:url\" content=\"https:\/\/arser.org\/en\/orn-osteoradionecrose-mandibulaire-de-bonnes-nouvelles-pour-les-patients\/\" \/>\n<meta property=\"og:site_name\" content=\"Association pour la Recherche sur les S\u00e9quelles de la Radioth\u00e9rapie\" \/>\n<meta property=\"article:publisher\" content=\"https:\/\/www.facebook.com\/profile.php?id=100086562396208\" \/>\n<meta property=\"article:published_time\" content=\"2017-10-22T15:37:52+00:00\" \/>\n<meta property=\"article:modified_time\" content=\"2018-10-17T14:49:55+00:00\" \/>\n<meta property=\"og:image\" content=\"http:\/\/arser.org\/wp-content\/uploads\/2017\/11\/BRIOT-JP-Copie-153x300.jpg\" \/>\n<meta name=\"author\" content=\"Jean-Bernard\" \/>\n<meta name=\"twitter:card\" content=\"summary_large_image\" \/>\n<meta name=\"twitter:label1\" content=\"Written by\" \/>\n\t<meta name=\"twitter:data1\" content=\"Jean-Bernard\" \/>\n\t<meta name=\"twitter:label2\" content=\"Est. reading time\" \/>\n\t<meta name=\"twitter:data2\" content=\"9 minutes\" \/>\n<script type=\"application\/ld+json\" class=\"yoast-schema-graph\">{\"@context\":\"https:\\\/\\\/schema.org\",\"@graph\":[{\"@type\":\"Article\",\"@id\":\"https:\\\/\\\/arser.org\\\/orn-osteoradionecrose-mandibulaire-de-bonnes-nouvelles-pour-les-patients\\\/#article\",\"isPartOf\":{\"@id\":\"https:\\\/\\\/arser.org\\\/orn-osteoradionecrose-mandibulaire-de-bonnes-nouvelles-pour-les-patients\\\/\"},\"author\":{\"name\":\"Jean-Bernard\",\"@id\":\"https:\\\/\\\/arser.org\\\/#\\\/schema\\\/person\\\/b6d3a6000863c3d3f1f7792672dda5e2\"},\"headline\":\"Radioprotection\",\"datePublished\":\"2017-10-22T15:37:52+00:00\",\"dateModified\":\"2018-10-17T14:49:55+00:00\",\"mainEntityOfPage\":{\"@id\":\"https:\\\/\\\/arser.org\\\/orn-osteoradionecrose-mandibulaire-de-bonnes-nouvelles-pour-les-patients\\\/\"},\"wordCount\":1863,\"publisher\":{\"@id\":\"https:\\\/\\\/arser.org\\\/#organization\"},\"image\":{\"@id\":\"https:\\\/\\\/arser.org\\\/orn-osteoradionecrose-mandibulaire-de-bonnes-nouvelles-pour-les-patients\\\/#primaryimage\"},\"thumbnailUrl\":\"http:\\\/\\\/arser.org\\\/wp-content\\\/uploads\\\/2017\\\/11\\\/BRIOT-JP-Copie-153x300.jpg\",\"articleSection\":[\"Papers\"],\"inLanguage\":\"en-US\"},{\"@type\":\"WebPage\",\"@id\":\"https:\\\/\\\/arser.org\\\/en\\\/orn-osteoradionecrose-mandibulaire-de-bonnes-nouvelles-pour-les-patients\\\/\",\"url\":\"https:\\\/\\\/arser.org\\\/en\\\/orn-osteoradionecrose-mandibulaire-de-bonnes-nouvelles-pour-les-patients\\\/\",\"name\":\"Radioprotection - Association pour la Recherche sur les S\u00e9quelles de la Radioth\u00e9rapie\",\"isPartOf\":{\"@id\":\"https:\\\/\\\/arser.org\\\/en\\\/#website\"},\"primaryImageOfPage\":{\"@id\":\"https:\\\/\\\/arser.org\\\/en\\\/orn-osteoradionecrose-mandibulaire-de-bonnes-nouvelles-pour-les-patients\\\/#primaryimage\"},\"image\":{\"@id\":\"https:\\\/\\\/arser.org\\\/orn-osteoradionecrose-mandibulaire-de-bonnes-nouvelles-pour-les-patients\\\/#primaryimage\"},\"thumbnailUrl\":\"http:\\\/\\\/arser.org\\\/wp-content\\\/uploads\\\/2017\\\/11\\\/BRIOT-JP-Copie-153x300.jpg\",\"datePublished\":\"2017-10-22T15:37:52+00:00\",\"dateModified\":\"2018-10-17T14:49:55+00:00\",\"breadcrumb\":{\"@id\":\"https:\\\/\\\/arser.org\\\/en\\\/orn-osteoradionecrose-mandibulaire-de-bonnes-nouvelles-pour-les-patients\\\/#breadcrumb\"},\"inLanguage\":\"en-US\",\"potentialAction\":[{\"@type\":\"ReadAction\",\"target\":[[\"https:\\\/\\\/arser.org\\\/en\\\/orn-osteoradionecrose-mandibulaire-de-bonnes-nouvelles-pour-les-patients\\\/\"]]}]},{\"@type\":\"ImageObject\",\"inLanguage\":\"en-US\",\"@id\":\"https:\\\/\\\/arser.org\\\/en\\\/orn-osteoradionecrose-mandibulaire-de-bonnes-nouvelles-pour-les-patients\\\/#primaryimage\",\"url\":\"http:\\\/\\\/arser.org\\\/wp-content\\\/uploads\\\/2017\\\/11\\\/BRIOT-JP-Copie-153x300.jpg\",\"contentUrl\":\"http:\\\/\\\/arser.org\\\/wp-content\\\/uploads\\\/2017\\\/11\\\/BRIOT-JP-Copie-153x300.jpg\"},{\"@type\":\"BreadcrumbList\",\"@id\":\"https:\\\/\\\/arser.org\\\/en\\\/orn-osteoradionecrose-mandibulaire-de-bonnes-nouvelles-pour-les-patients\\\/#breadcrumb\",\"itemListElement\":[{\"@type\":\"ListItem\",\"position\":1,\"name\":\"Accueil\",\"item\":\"https:\\\/\\\/arser.org\\\/en\\\/\"},{\"@type\":\"ListItem\",\"position\":2,\"name\":\"Radioprotection\"}]},{\"@type\":\"WebSite\",\"@id\":\"https:\\\/\\\/arser.org\\\/en\\\/#website\",\"url\":\"https:\\\/\\\/arser.org\\\/en\\\/\",\"name\":\"Association pour la Recherche sur les S\u00e9quelles de la Radioth\u00e9rapie\",\"description\":\"To help patients who have undergone radiotherapy to minimize its after effects\",\"publisher\":{\"@id\":\"https:\\\/\\\/arser.org\\\/en\\\/#organization\"},\"potentialAction\":[{\"@type\":\"SearchAction\",\"target\":{\"@type\":\"EntryPoint\",\"urlTemplate\":\"https:\\\/\\\/arser.org\\\/en\\\/?s={search_term_string}\"},\"query-input\":{\"@type\":\"PropertyValueSpecification\",\"valueRequired\":true,\"valueName\":\"search_term_string\"}}],\"inLanguage\":\"en-US\"},{\"@type\":\"Organization\",\"@id\":\"https:\\\/\\\/arser.org\\\/en\\\/#organization\",\"name\":\"Association pour la Recherche sur les S\u00e9quelles de la Radioth\u00e9rapie\",\"url\":\"https:\\\/\\\/arser.org\\\/en\\\/\",\"logo\":{\"@type\":\"ImageObject\",\"inLanguage\":\"en-US\",\"@id\":\"https:\\\/\\\/arser.org\\\/en\\\/#\\\/schema\\\/logo\\\/image\\\/\",\"url\":\"https:\\\/\\\/arser.org\\\/wp-content\\\/uploads\\\/2022\\\/03\\\/logo-Grand-ARSER-web-carre.jpg\",\"contentUrl\":\"https:\\\/\\\/arser.org\\\/wp-content\\\/uploads\\\/2022\\\/03\\\/logo-Grand-ARSER-web-carre.jpg\",\"width\":300,\"height\":300,\"caption\":\"Association pour la Recherche sur les S\u00e9quelles de la Radioth\u00e9rapie\"},\"image\":{\"@id\":\"https:\\\/\\\/arser.org\\\/en\\\/#\\\/schema\\\/logo\\\/image\\\/\"},\"sameAs\":[\"https:\\\/\\\/www.facebook.com\\\/profile.php?id=100086562396208\"]},{\"@type\":\"Person\",\"@id\":\"https:\\\/\\\/arser.org\\\/#\\\/schema\\\/person\\\/b6d3a6000863c3d3f1f7792672dda5e2\",\"name\":\"Jean-Bernard\",\"image\":{\"@type\":\"ImageObject\",\"inLanguage\":\"en-US\",\"@id\":\"https:\\\/\\\/secure.gravatar.com\\\/avatar\\\/9c54af7365395da69a6e48e2c9591a467191cfa37198b8ca28bfbba1321616c8?s=96&d=blank&r=g\",\"url\":\"https:\\\/\\\/secure.gravatar.com\\\/avatar\\\/9c54af7365395da69a6e48e2c9591a467191cfa37198b8ca28bfbba1321616c8?s=96&d=blank&r=g\",\"contentUrl\":\"https:\\\/\\\/secure.gravatar.com\\\/avatar\\\/9c54af7365395da69a6e48e2c9591a467191cfa37198b8ca28bfbba1321616c8?s=96&d=blank&r=g\",\"caption\":\"Jean-Bernard\"},\"url\":\"https:\\\/\\\/arser.org\\\/en\\\/author\\\/froidure-jean-bernard\\\/\"}]}<\/script>\n<!-- \/ Yoast SEO plugin. -->","yoast_head_json":{"title":"Radioprotection - Association pour la Recherche sur les S\u00e9quelles de la Radioth\u00e9rapie","robots":{"index":"index","follow":"follow","max-snippet":"max-snippet:-1","max-image-preview":"max-image-preview:large","max-video-preview":"max-video-preview:-1"},"canonical":"https:\/\/arser.org\/en\/orn-osteoradionecrose-mandibulaire-de-bonnes-nouvelles-pour-les-patients\/","og_locale":"en_US","og_type":"article","og_title":"Radioprotection - Association pour la Recherche sur les S\u00e9quelles de la Radioth\u00e9rapie","og_description":"3\u00e8me\u00a0Rencontres Radioprotection dans le domaine m\u00e9dical :\u00a0Professionnels, usagers, tous concern\u00e9s. Lille, 14\/11\/2017 Le mardi 14 novembre 2017, se sont tenues \u00e0 Lille les \u00ab\u00a03\u00e8mes Rencontres Radioprotection dans le domaine m\u00e9dical \u2013 Professionnels, usagers, tous concern\u00e9s\u00a0\u00bb.\u00a0L\u2019ARSER a \u00e9t\u00e9 invit\u00e9e\u00a0par l\u2019organisatrice des Rencontres, Anita Villers, Pr\u00e9sidente de l\u2019Association Environnement et D\u00e9veloppement Alternatif (EDA), Jean-Pierre Briot, Charg\u00e9 Relations &hellip; Continue reading \"Radioprotection\"","og_url":"https:\/\/arser.org\/en\/orn-osteoradionecrose-mandibulaire-de-bonnes-nouvelles-pour-les-patients\/","og_site_name":"Association pour la Recherche sur les S\u00e9quelles de la Radioth\u00e9rapie","article_publisher":"https:\/\/www.facebook.com\/profile.php?id=100086562396208","article_published_time":"2017-10-22T15:37:52+00:00","article_modified_time":"2018-10-17T14:49:55+00:00","og_image":[{"url":"http:\/\/arser.org\/wp-content\/uploads\/2017\/11\/BRIOT-JP-Copie-153x300.jpg","type":"","width":"","height":""}],"author":"Jean-Bernard","twitter_card":"summary_large_image","twitter_misc":{"Written by":"Jean-Bernard","Est. reading time":"9 minutes"},"schema":{"@context":"https:\/\/schema.org","@graph":[{"@type":"Article","@id":"https:\/\/arser.org\/orn-osteoradionecrose-mandibulaire-de-bonnes-nouvelles-pour-les-patients\/#article","isPartOf":{"@id":"https:\/\/arser.org\/orn-osteoradionecrose-mandibulaire-de-bonnes-nouvelles-pour-les-patients\/"},"author":{"name":"Jean-Bernard","@id":"https:\/\/arser.org\/#\/schema\/person\/b6d3a6000863c3d3f1f7792672dda5e2"},"headline":"Radioprotection","datePublished":"2017-10-22T15:37:52+00:00","dateModified":"2018-10-17T14:49:55+00:00","mainEntityOfPage":{"@id":"https:\/\/arser.org\/orn-osteoradionecrose-mandibulaire-de-bonnes-nouvelles-pour-les-patients\/"},"wordCount":1863,"publisher":{"@id":"https:\/\/arser.org\/#organization"},"image":{"@id":"https:\/\/arser.org\/orn-osteoradionecrose-mandibulaire-de-bonnes-nouvelles-pour-les-patients\/#primaryimage"},"thumbnailUrl":"http:\/\/arser.org\/wp-content\/uploads\/2017\/11\/BRIOT-JP-Copie-153x300.jpg","articleSection":["Papers"],"inLanguage":"en-US"},{"@type":"WebPage","@id":"https:\/\/arser.org\/en\/orn-osteoradionecrose-mandibulaire-de-bonnes-nouvelles-pour-les-patients\/","url":"https:\/\/arser.org\/en\/orn-osteoradionecrose-mandibulaire-de-bonnes-nouvelles-pour-les-patients\/","name":"Radioprotection - Association pour la Recherche sur les S\u00e9quelles de la Radioth\u00e9rapie","isPartOf":{"@id":"https:\/\/arser.org\/en\/#website"},"primaryImageOfPage":{"@id":"https:\/\/arser.org\/en\/orn-osteoradionecrose-mandibulaire-de-bonnes-nouvelles-pour-les-patients\/#primaryimage"},"image":{"@id":"https:\/\/arser.org\/orn-osteoradionecrose-mandibulaire-de-bonnes-nouvelles-pour-les-patients\/#primaryimage"},"thumbnailUrl":"http:\/\/arser.org\/wp-content\/uploads\/2017\/11\/BRIOT-JP-Copie-153x300.jpg","datePublished":"2017-10-22T15:37:52+00:00","dateModified":"2018-10-17T14:49:55+00:00","breadcrumb":{"@id":"https:\/\/arser.org\/en\/orn-osteoradionecrose-mandibulaire-de-bonnes-nouvelles-pour-les-patients\/#breadcrumb"},"inLanguage":"en-US","potentialAction":[{"@type":"ReadAction","target":[["https:\/\/arser.org\/en\/orn-osteoradionecrose-mandibulaire-de-bonnes-nouvelles-pour-les-patients\/"]]}]},{"@type":"ImageObject","inLanguage":"en-US","@id":"https:\/\/arser.org\/en\/orn-osteoradionecrose-mandibulaire-de-bonnes-nouvelles-pour-les-patients\/#primaryimage","url":"http:\/\/arser.org\/wp-content\/uploads\/2017\/11\/BRIOT-JP-Copie-153x300.jpg","contentUrl":"http:\/\/arser.org\/wp-content\/uploads\/2017\/11\/BRIOT-JP-Copie-153x300.jpg"},{"@type":"BreadcrumbList","@id":"https:\/\/arser.org\/en\/orn-osteoradionecrose-mandibulaire-de-bonnes-nouvelles-pour-les-patients\/#breadcrumb","itemListElement":[{"@type":"ListItem","position":1,"name":"Accueil","item":"https:\/\/arser.org\/en\/"},{"@type":"ListItem","position":2,"name":"Radioprotection"}]},{"@type":"WebSite","@id":"https:\/\/arser.org\/en\/#website","url":"https:\/\/arser.org\/en\/","name":"Association pour la Recherche sur les S\u00e9quelles de la Radioth\u00e9rapie","description":"To help patients who have undergone radiotherapy to minimize its after effects","publisher":{"@id":"https:\/\/arser.org\/en\/#organization"},"potentialAction":[{"@type":"SearchAction","target":{"@type":"EntryPoint","urlTemplate":"https:\/\/arser.org\/en\/?s={search_term_string}"},"query-input":{"@type":"PropertyValueSpecification","valueRequired":true,"valueName":"search_term_string"}}],"inLanguage":"en-US"},{"@type":"Organization","@id":"https:\/\/arser.org\/en\/#organization","name":"Association pour la Recherche sur les S\u00e9quelles de la Radioth\u00e9rapie","url":"https:\/\/arser.org\/en\/","logo":{"@type":"ImageObject","inLanguage":"en-US","@id":"https:\/\/arser.org\/en\/#\/schema\/logo\/image\/","url":"https:\/\/arser.org\/wp-content\/uploads\/2022\/03\/logo-Grand-ARSER-web-carre.jpg","contentUrl":"https:\/\/arser.org\/wp-content\/uploads\/2022\/03\/logo-Grand-ARSER-web-carre.jpg","width":300,"height":300,"caption":"Association pour la Recherche sur les S\u00e9quelles de la Radioth\u00e9rapie"},"image":{"@id":"https:\/\/arser.org\/en\/#\/schema\/logo\/image\/"},"sameAs":["https:\/\/www.facebook.com\/profile.php?id=100086562396208"]},{"@type":"Person","@id":"https:\/\/arser.org\/#\/schema\/person\/b6d3a6000863c3d3f1f7792672dda5e2","name":"Jean-Bernard","image":{"@type":"ImageObject","inLanguage":"en-US","@id":"https:\/\/secure.gravatar.com\/avatar\/9c54af7365395da69a6e48e2c9591a467191cfa37198b8ca28bfbba1321616c8?s=96&d=blank&r=g","url":"https:\/\/secure.gravatar.com\/avatar\/9c54af7365395da69a6e48e2c9591a467191cfa37198b8ca28bfbba1321616c8?s=96&d=blank&r=g","contentUrl":"https:\/\/secure.gravatar.com\/avatar\/9c54af7365395da69a6e48e2c9591a467191cfa37198b8ca28bfbba1321616c8?s=96&d=blank&r=g","caption":"Jean-Bernard"},"url":"https:\/\/arser.org\/en\/author\/froidure-jean-bernard\/"}]}},"_links":{"self":[{"href":"https:\/\/arser.org\/en\/wp-json\/wp\/v2\/posts\/1897","targetHints":{"allow":["GET"]}}],"collection":[{"href":"https:\/\/arser.org\/en\/wp-json\/wp\/v2\/posts"}],"about":[{"href":"https:\/\/arser.org\/en\/wp-json\/wp\/v2\/types\/post"}],"author":[{"embeddable":true,"href":"https:\/\/arser.org\/en\/wp-json\/wp\/v2\/users\/2"}],"replies":[{"embeddable":true,"href":"https:\/\/arser.org\/en\/wp-json\/wp\/v2\/comments?post=1897"}],"version-history":[{"count":36,"href":"https:\/\/arser.org\/en\/wp-json\/wp\/v2\/posts\/1897\/revisions"}],"predecessor-version":[{"id":2326,"href":"https:\/\/arser.org\/en\/wp-json\/wp\/v2\/posts\/1897\/revisions\/2326"}],"wp:attachment":[{"href":"https:\/\/arser.org\/en\/wp-json\/wp\/v2\/media?parent=1897"}],"wp:term":[{"taxonomy":"category","embeddable":true,"href":"https:\/\/arser.org\/en\/wp-json\/wp\/v2\/categories?post=1897"},{"taxonomy":"post_tag","embeddable":true,"href":"https:\/\/arser.org\/en\/wp-json\/wp\/v2\/tags?post=1897"}],"curies":[{"name":"wp","href":"https:\/\/api.w.org\/{rel}","templated":true}]}}