{"id":1556,"date":"2017-05-13T21:03:14","date_gmt":"2017-05-13T19:03:14","guid":{"rendered":"http:\/\/arser.org\/?p=1556"},"modified":"2022-03-08T00:27:04","modified_gmt":"2022-03-07T23:27:04","slug":"le-professeur-sylvie-delanian-presidente-de-larser-en-direct-sur-france-5","status":"publish","type":"post","link":"https:\/\/arser.org\/en\/le-professeur-sylvie-delanian-presidente-de-larser-en-direct-sur-france-5\/","title":{"rendered":"Mardi 30 mai, le Professeur Sylvie DELANIAN en direct sur France 5."},"content":{"rendered":"<p><\/p>\n<p style=\"text-align: center;\"><strong>Mardi 30 mai 2017 \u00e0 14 h, l\u2019\u00e9mission ALL\u00d4 DOCTEURS, sur France 5,<br \/>\nsera consacr\u00e9e aux effets secondaires de la radioth\u00e9rapie.<\/strong><\/p>\n<p style=\"text-align: center;\"><strong>Pendant 35 minutes, le Pr Sylvie DELANIAN, Pr\u00e9sidente de l&#8217;ARSER, interviendra en direct avec les animateurs Michel Cymes et Marina Carr\u00e8re d&#8217;Encausse.<\/strong><\/p>\n<p style=\"text-align: center;\"><strong>Le Dr C\u00e9cile CH\u00c2TEL, Membre du Conseil scientifique de l\u2019ARSER, Praticien hospitalier, Odontologiste, Service de chirurgie maxillo faciale, d\u2019odontologie et de chirurgie plastique au CHU de Grenoble sera interview\u00e9e sur le sujet de l\u2019ost\u00e9oradion\u00e9crose mandibulaire et des soins dentaires apr\u00e8s radioth\u00e9rapie.<\/strong><\/p>\n<p style=\"text-align: center;\"><strong>A voir ! En direct ou en Replay.<\/strong><\/p>\n<p><\/p>","protected":false},"excerpt":{"rendered":"<p>Mardi 30 mai 2017 \u00e0 14 h, l\u2019\u00e9mission ALL\u00d4 DOCTEURS, sur France 5, sera consacr\u00e9e aux effets secondaires de la radioth\u00e9rapie. Pendant 35 minutes, le Pr Sylvie DELANIAN, Pr\u00e9sidente de l&#8217;ARSER, interviendra en direct avec les animateurs Michel Cymes et Marina Carr\u00e8re d&#8217;Encausse. Le Dr C\u00e9cile CH\u00c2TEL, Membre du Conseil scientifique de l\u2019ARSER, Praticien hospitalier, &hellip; <a href=\"https:\/\/arser.org\/en\/le-professeur-sylvie-delanian-presidente-de-larser-en-direct-sur-france-5\/\" class=\"more-link\">Continue reading<span class=\"screen-reader-text\"> &#8220;Mardi 30 mai, le Professeur Sylvie DELANIAN en direct sur France 5.&#8221;<\/span><\/a><\/p>\n","protected":false},"author":2,"featured_media":0,"comment_status":"closed","ping_status":"closed","sticky":false,"template":"","format":"standard","meta":{"_bbp_topic_count":0,"_bbp_reply_count":0,"_bbp_total_topic_count":0,"_bbp_total_reply_count":0,"_bbp_voice_count":0,"_bbp_anonymous_reply_count":0,"_bbp_topic_count_hidden":0,"_bbp_reply_count_hidden":0,"_bbp_forum_subforum_count":0,"footnotes":""},"categories":[6],"tags":[],"class_list":["post-1556","post","type-post","status-publish","format-standard","hentry","category-articles"],"yoast_head":"<!-- This site is optimized with the Yoast SEO plugin v27.3 - https:\/\/yoast.com\/product\/yoast-seo-wordpress\/ -->\n<title>Mardi 30 mai, le Professeur Sylvie DELANIAN en direct sur France 5. - Association pour la Recherche sur les S\u00e9quelles de la Radioth\u00e9rapie<\/title>\n<meta name=\"robots\" content=\"index, follow, max-snippet:-1, max-image-preview:large, max-video-preview:-1\" \/>\n<link rel=\"canonical\" href=\"https:\/\/arser.org\/en\/le-professeur-sylvie-delanian-presidente-de-larser-en-direct-sur-france-5\/\" \/>\n<meta property=\"og:locale\" content=\"en_US\" \/>\n<meta property=\"og:type\" content=\"article\" \/>\n<meta property=\"og:title\" content=\"Mardi 30 mai, le Professeur Sylvie DELANIAN en direct sur France 5. - Association pour la Recherche sur les S\u00e9quelles de la Radioth\u00e9rapie\" \/>\n<meta property=\"og:description\" content=\"Mardi 30 mai 2017 \u00e0 14 h, l\u2019\u00e9mission ALL\u00d4 DOCTEURS, sur France 5, sera consacr\u00e9e aux effets secondaires de la radioth\u00e9rapie. Pendant 35 minutes, le Pr Sylvie DELANIAN, Pr\u00e9sidente de l&#8217;ARSER, interviendra en direct avec les animateurs Michel Cymes et Marina Carr\u00e8re d&#8217;Encausse. Le Dr C\u00e9cile CH\u00c2TEL, Membre du Conseil scientifique de l\u2019ARSER, Praticien hospitalier, &hellip; Continue reading &quot;Mardi 30 mai, le Professeur Sylvie DELANIAN en direct sur France 5.&quot;\" \/>\n<meta property=\"og:url\" content=\"https:\/\/arser.org\/en\/le-professeur-sylvie-delanian-presidente-de-larser-en-direct-sur-france-5\/\" \/>\n<meta property=\"og:site_name\" content=\"Association pour la Recherche sur les S\u00e9quelles de la Radioth\u00e9rapie\" \/>\n<meta property=\"article:publisher\" content=\"https:\/\/www.facebook.com\/profile.php?id=100086562396208\" \/>\n<meta property=\"article:published_time\" content=\"2017-05-13T19:03:14+00:00\" \/>\n<meta property=\"article:modified_time\" content=\"2022-03-07T23:27:04+00:00\" \/>\n<meta name=\"author\" content=\"Jean-Bernard\" \/>\n<meta name=\"twitter:card\" content=\"summary_large_image\" \/>\n<meta name=\"twitter:label1\" content=\"Written by\" \/>\n\t<meta name=\"twitter:data1\" content=\"Jean-Bernard\" \/>\n\t<meta name=\"twitter:label2\" content=\"Est. reading time\" \/>\n\t<meta name=\"twitter:data2\" content=\"1 minute\" \/>\n<script type=\"application\/ld+json\" class=\"yoast-schema-graph\">{\"@context\":\"https:\\\/\\\/schema.org\",\"@graph\":[{\"@type\":\"Article\",\"@id\":\"https:\\\/\\\/arser.org\\\/le-professeur-sylvie-delanian-presidente-de-larser-en-direct-sur-france-5\\\/#article\",\"isPartOf\":{\"@id\":\"https:\\\/\\\/arser.org\\\/le-professeur-sylvie-delanian-presidente-de-larser-en-direct-sur-france-5\\\/\"},\"author\":{\"name\":\"Jean-Bernard\",\"@id\":\"https:\\\/\\\/arser.org\\\/#\\\/schema\\\/person\\\/b6d3a6000863c3d3f1f7792672dda5e2\"},\"headline\":\"Mardi 30 mai, le Professeur Sylvie DELANIAN en direct sur France 5.\",\"datePublished\":\"2017-05-13T19:03:14+00:00\",\"dateModified\":\"2022-03-07T23:27:04+00:00\",\"mainEntityOfPage\":{\"@id\":\"https:\\\/\\\/arser.org\\\/le-professeur-sylvie-delanian-presidente-de-larser-en-direct-sur-france-5\\\/\"},\"wordCount\":216,\"publisher\":{\"@id\":\"https:\\\/\\\/arser.org\\\/#organization\"},\"articleSection\":[\"Papers\"],\"inLanguage\":\"en-US\"},{\"@type\":\"WebPage\",\"@id\":\"https:\\\/\\\/arser.org\\\/en\\\/le-professeur-sylvie-delanian-presidente-de-larser-en-direct-sur-france-5\\\/\",\"url\":\"https:\\\/\\\/arser.org\\\/en\\\/le-professeur-sylvie-delanian-presidente-de-larser-en-direct-sur-france-5\\\/\",\"name\":\"Mardi 30 mai, le Professeur Sylvie DELANIAN en direct sur France 5. - Association pour la Recherche sur les S\u00e9quelles de la Radioth\u00e9rapie\",\"isPartOf\":{\"@id\":\"https:\\\/\\\/arser.org\\\/en\\\/#website\"},\"datePublished\":\"2017-05-13T19:03:14+00:00\",\"dateModified\":\"2022-03-07T23:27:04+00:00\",\"breadcrumb\":{\"@id\":\"https:\\\/\\\/arser.org\\\/en\\\/le-professeur-sylvie-delanian-presidente-de-larser-en-direct-sur-france-5\\\/#breadcrumb\"},\"inLanguage\":\"en-US\",\"potentialAction\":[{\"@type\":\"ReadAction\",\"target\":[[\"https:\\\/\\\/arser.org\\\/en\\\/le-professeur-sylvie-delanian-presidente-de-larser-en-direct-sur-france-5\\\/\"]]}]},{\"@type\":\"BreadcrumbList\",\"@id\":\"https:\\\/\\\/arser.org\\\/en\\\/le-professeur-sylvie-delanian-presidente-de-larser-en-direct-sur-france-5\\\/#breadcrumb\",\"itemListElement\":[{\"@type\":\"ListItem\",\"position\":1,\"name\":\"Accueil\",\"item\":\"https:\\\/\\\/arser.org\\\/en\\\/\"},{\"@type\":\"ListItem\",\"position\":2,\"name\":\"Mardi 30 mai, le Professeur Sylvie DELANIAN en direct sur France 5.\"}]},{\"@type\":\"WebSite\",\"@id\":\"https:\\\/\\\/arser.org\\\/en\\\/#website\",\"url\":\"https:\\\/\\\/arser.org\\\/en\\\/\",\"name\":\"Association pour la Recherche sur les S\u00e9quelles de la Radioth\u00e9rapie\",\"description\":\"To help patients who have undergone radiotherapy to minimize its after effects\",\"publisher\":{\"@id\":\"https:\\\/\\\/arser.org\\\/en\\\/#organization\"},\"potentialAction\":[{\"@type\":\"SearchAction\",\"target\":{\"@type\":\"EntryPoint\",\"urlTemplate\":\"https:\\\/\\\/arser.org\\\/en\\\/?s={search_term_string}\"},\"query-input\":{\"@type\":\"PropertyValueSpecification\",\"valueRequired\":true,\"valueName\":\"search_term_string\"}}],\"inLanguage\":\"en-US\"},{\"@type\":\"Organization\",\"@id\":\"https:\\\/\\\/arser.org\\\/en\\\/#organization\",\"name\":\"Association pour la Recherche sur les S\u00e9quelles de la Radioth\u00e9rapie\",\"url\":\"https:\\\/\\\/arser.org\\\/en\\\/\",\"logo\":{\"@type\":\"ImageObject\",\"inLanguage\":\"en-US\",\"@id\":\"https:\\\/\\\/arser.org\\\/en\\\/#\\\/schema\\\/logo\\\/image\\\/\",\"url\":\"https:\\\/\\\/arser.org\\\/wp-content\\\/uploads\\\/2022\\\/03\\\/logo-Grand-ARSER-web-carre.jpg\",\"contentUrl\":\"https:\\\/\\\/arser.org\\\/wp-content\\\/uploads\\\/2022\\\/03\\\/logo-Grand-ARSER-web-carre.jpg\",\"width\":300,\"height\":300,\"caption\":\"Association pour la Recherche sur les S\u00e9quelles de la Radioth\u00e9rapie\"},\"image\":{\"@id\":\"https:\\\/\\\/arser.org\\\/en\\\/#\\\/schema\\\/logo\\\/image\\\/\"},\"sameAs\":[\"https:\\\/\\\/www.facebook.com\\\/profile.php?id=100086562396208\"]},{\"@type\":\"Person\",\"@id\":\"https:\\\/\\\/arser.org\\\/#\\\/schema\\\/person\\\/b6d3a6000863c3d3f1f7792672dda5e2\",\"name\":\"Jean-Bernard\",\"image\":{\"@type\":\"ImageObject\",\"inLanguage\":\"en-US\",\"@id\":\"https:\\\/\\\/secure.gravatar.com\\\/avatar\\\/9c54af7365395da69a6e48e2c9591a467191cfa37198b8ca28bfbba1321616c8?s=96&d=blank&r=g\",\"url\":\"https:\\\/\\\/secure.gravatar.com\\\/avatar\\\/9c54af7365395da69a6e48e2c9591a467191cfa37198b8ca28bfbba1321616c8?s=96&d=blank&r=g\",\"contentUrl\":\"https:\\\/\\\/secure.gravatar.com\\\/avatar\\\/9c54af7365395da69a6e48e2c9591a467191cfa37198b8ca28bfbba1321616c8?s=96&d=blank&r=g\",\"caption\":\"Jean-Bernard\"},\"url\":\"https:\\\/\\\/arser.org\\\/en\\\/author\\\/froidure-jean-bernard\\\/\"}]}<\/script>\n<!-- \/ Yoast SEO plugin. -->","yoast_head_json":{"title":"Mardi 30 mai, le Professeur Sylvie DELANIAN en direct sur France 5. - Association pour la Recherche sur les S\u00e9quelles de la Radioth\u00e9rapie","robots":{"index":"index","follow":"follow","max-snippet":"max-snippet:-1","max-image-preview":"max-image-preview:large","max-video-preview":"max-video-preview:-1"},"canonical":"https:\/\/arser.org\/en\/le-professeur-sylvie-delanian-presidente-de-larser-en-direct-sur-france-5\/","og_locale":"en_US","og_type":"article","og_title":"Mardi 30 mai, le Professeur Sylvie DELANIAN en direct sur France 5. - Association pour la Recherche sur les S\u00e9quelles de la Radioth\u00e9rapie","og_description":"Mardi 30 mai 2017 \u00e0 14 h, l\u2019\u00e9mission ALL\u00d4 DOCTEURS, sur France 5, sera consacr\u00e9e aux effets secondaires de la radioth\u00e9rapie. Pendant 35 minutes, le Pr Sylvie DELANIAN, Pr\u00e9sidente de l&#8217;ARSER, interviendra en direct avec les animateurs Michel Cymes et Marina Carr\u00e8re d&#8217;Encausse. Le Dr C\u00e9cile CH\u00c2TEL, Membre du Conseil scientifique de l\u2019ARSER, Praticien hospitalier, &hellip; Continue reading \"Mardi 30 mai, le Professeur Sylvie DELANIAN en direct sur France 5.\"","og_url":"https:\/\/arser.org\/en\/le-professeur-sylvie-delanian-presidente-de-larser-en-direct-sur-france-5\/","og_site_name":"Association pour la Recherche sur les S\u00e9quelles de la Radioth\u00e9rapie","article_publisher":"https:\/\/www.facebook.com\/profile.php?id=100086562396208","article_published_time":"2017-05-13T19:03:14+00:00","article_modified_time":"2022-03-07T23:27:04+00:00","author":"Jean-Bernard","twitter_card":"summary_large_image","twitter_misc":{"Written by":"Jean-Bernard","Est. reading time":"1 minute"},"schema":{"@context":"https:\/\/schema.org","@graph":[{"@type":"Article","@id":"https:\/\/arser.org\/le-professeur-sylvie-delanian-presidente-de-larser-en-direct-sur-france-5\/#article","isPartOf":{"@id":"https:\/\/arser.org\/le-professeur-sylvie-delanian-presidente-de-larser-en-direct-sur-france-5\/"},"author":{"name":"Jean-Bernard","@id":"https:\/\/arser.org\/#\/schema\/person\/b6d3a6000863c3d3f1f7792672dda5e2"},"headline":"Mardi 30 mai, le Professeur Sylvie DELANIAN en direct sur France 5.","datePublished":"2017-05-13T19:03:14+00:00","dateModified":"2022-03-07T23:27:04+00:00","mainEntityOfPage":{"@id":"https:\/\/arser.org\/le-professeur-sylvie-delanian-presidente-de-larser-en-direct-sur-france-5\/"},"wordCount":216,"publisher":{"@id":"https:\/\/arser.org\/#organization"},"articleSection":["Papers"],"inLanguage":"en-US"},{"@type":"WebPage","@id":"https:\/\/arser.org\/en\/le-professeur-sylvie-delanian-presidente-de-larser-en-direct-sur-france-5\/","url":"https:\/\/arser.org\/en\/le-professeur-sylvie-delanian-presidente-de-larser-en-direct-sur-france-5\/","name":"Mardi 30 mai, le Professeur Sylvie DELANIAN en direct sur France 5. - Association pour la Recherche sur les S\u00e9quelles de la Radioth\u00e9rapie","isPartOf":{"@id":"https:\/\/arser.org\/en\/#website"},"datePublished":"2017-05-13T19:03:14+00:00","dateModified":"2022-03-07T23:27:04+00:00","breadcrumb":{"@id":"https:\/\/arser.org\/en\/le-professeur-sylvie-delanian-presidente-de-larser-en-direct-sur-france-5\/#breadcrumb"},"inLanguage":"en-US","potentialAction":[{"@type":"ReadAction","target":[["https:\/\/arser.org\/en\/le-professeur-sylvie-delanian-presidente-de-larser-en-direct-sur-france-5\/"]]}]},{"@type":"BreadcrumbList","@id":"https:\/\/arser.org\/en\/le-professeur-sylvie-delanian-presidente-de-larser-en-direct-sur-france-5\/#breadcrumb","itemListElement":[{"@type":"ListItem","position":1,"name":"Accueil","item":"https:\/\/arser.org\/en\/"},{"@type":"ListItem","position":2,"name":"Mardi 30 mai, le Professeur Sylvie DELANIAN en direct sur France 5."}]},{"@type":"WebSite","@id":"https:\/\/arser.org\/en\/#website","url":"https:\/\/arser.org\/en\/","name":"Association pour la Recherche sur les S\u00e9quelles de la Radioth\u00e9rapie","description":"To help patients who have undergone radiotherapy to minimize its after effects","publisher":{"@id":"https:\/\/arser.org\/en\/#organization"},"potentialAction":[{"@type":"SearchAction","target":{"@type":"EntryPoint","urlTemplate":"https:\/\/arser.org\/en\/?s={search_term_string}"},"query-input":{"@type":"PropertyValueSpecification","valueRequired":true,"valueName":"search_term_string"}}],"inLanguage":"en-US"},{"@type":"Organization","@id":"https:\/\/arser.org\/en\/#organization","name":"Association pour la Recherche sur les S\u00e9quelles de la Radioth\u00e9rapie","url":"https:\/\/arser.org\/en\/","logo":{"@type":"ImageObject","inLanguage":"en-US","@id":"https:\/\/arser.org\/en\/#\/schema\/logo\/image\/","url":"https:\/\/arser.org\/wp-content\/uploads\/2022\/03\/logo-Grand-ARSER-web-carre.jpg","contentUrl":"https:\/\/arser.org\/wp-content\/uploads\/2022\/03\/logo-Grand-ARSER-web-carre.jpg","width":300,"height":300,"caption":"Association pour la Recherche sur les S\u00e9quelles de la Radioth\u00e9rapie"},"image":{"@id":"https:\/\/arser.org\/en\/#\/schema\/logo\/image\/"},"sameAs":["https:\/\/www.facebook.com\/profile.php?id=100086562396208"]},{"@type":"Person","@id":"https:\/\/arser.org\/#\/schema\/person\/b6d3a6000863c3d3f1f7792672dda5e2","name":"Jean-Bernard","image":{"@type":"ImageObject","inLanguage":"en-US","@id":"https:\/\/secure.gravatar.com\/avatar\/9c54af7365395da69a6e48e2c9591a467191cfa37198b8ca28bfbba1321616c8?s=96&d=blank&r=g","url":"https:\/\/secure.gravatar.com\/avatar\/9c54af7365395da69a6e48e2c9591a467191cfa37198b8ca28bfbba1321616c8?s=96&d=blank&r=g","contentUrl":"https:\/\/secure.gravatar.com\/avatar\/9c54af7365395da69a6e48e2c9591a467191cfa37198b8ca28bfbba1321616c8?s=96&d=blank&r=g","caption":"Jean-Bernard"},"url":"https:\/\/arser.org\/en\/author\/froidure-jean-bernard\/"}]}},"_links":{"self":[{"href":"https:\/\/arser.org\/en\/wp-json\/wp\/v2\/posts\/1556","targetHints":{"allow":["GET"]}}],"collection":[{"href":"https:\/\/arser.org\/en\/wp-json\/wp\/v2\/posts"}],"about":[{"href":"https:\/\/arser.org\/en\/wp-json\/wp\/v2\/types\/post"}],"author":[{"embeddable":true,"href":"https:\/\/arser.org\/en\/wp-json\/wp\/v2\/users\/2"}],"replies":[{"embeddable":true,"href":"https:\/\/arser.org\/en\/wp-json\/wp\/v2\/comments?post=1556"}],"version-history":[{"count":40,"href":"https:\/\/arser.org\/en\/wp-json\/wp\/v2\/posts\/1556\/revisions"}],"predecessor-version":[{"id":1879,"href":"https:\/\/arser.org\/en\/wp-json\/wp\/v2\/posts\/1556\/revisions\/1879"}],"wp:attachment":[{"href":"https:\/\/arser.org\/en\/wp-json\/wp\/v2\/media?parent=1556"}],"wp:term":[{"taxonomy":"category","embeddable":true,"href":"https:\/\/arser.org\/en\/wp-json\/wp\/v2\/categories?post=1556"},{"taxonomy":"post_tag","embeddable":true,"href":"https:\/\/arser.org\/en\/wp-json\/wp\/v2\/tags?post=1556"}],"curies":[{"name":"wp","href":"https:\/\/api.w.org\/{rel}","templated":true}]}}