{"id":10709,"date":"2022-03-08T11:51:59","date_gmt":"2022-03-08T10:51:59","guid":{"rendered":"https:\/\/arser.org\/?p=10709"},"modified":"2022-03-08T13:18:06","modified_gmt":"2022-03-08T12:18:06","slug":"compte-rendu-de-lassemblee-generale-extraordinaire-du-12-fevrier-2022","status":"publish","type":"post","link":"https:\/\/arser.org\/en\/compte-rendu-de-lassemblee-generale-extraordinaire-du-12-fevrier-2022\/","title":{"rendered":"(Fran\u00e7ais) Compte-rendu de l\u2019Assembl\u00e9e G\u00e9n\u00e9rale Extraordinaire du 12 f\u00e9vrier 2022"},"content":{"rendered":"<p class=\"qtranxs-available-languages-message qtranxs-available-languages-message-en\">Sorry, this entry is only available in <a href=\"https:\/\/arser.org\/fr\/wp-json\/wp\/v2\/posts\/10709\" class=\"qtranxs-available-language-link qtranxs-available-language-link-fr\" title=\"Fran\u00e7ais\">Fran\u00e7ais<\/a>.<\/p><p>&nbsp;<\/p>\n<p>Les membres de l\u2019Association ont \u00e9t\u00e9 convoqu\u00e9s par courrier \u00e9lectronique le 10 janvier 2022<\/p>\n<p>&nbsp;<\/p>\n<p>Trente-huit adh\u00e9rents de l\u2019ARSER ont particip\u00e9\u00a0\u00e0 cette Assembl\u00e9e G\u00e9n\u00e9rale Extraordinaire : 19 pr\u00e9sents et 19 repr\u00e9sent\u00e9s. Le Quorum de 23 adh\u00e9rents est atteint et l\u2019Assembl\u00e9e G\u00e9n\u00e9rale Extraordinaire peut valablement d\u00e9lib\u00e9rer, dans le respect des statuts.<\/p>\n<p>&nbsp;<\/p>\n<p><strong>La s\u00e9ance est ouverte \u00e0 10h en visioconf\u00e9rence (Zoom)<\/strong><\/p>\n<p>La Pr\u00e9sidente de l\u2019ARSER, <strong>Pr Sylvie DELANIAN<\/strong>, souhaite la bienvenue aux membres pr\u00e9sents et les remercie de s\u2019\u00eatre connect\u00e9s. Elle remercie aussi les adh\u00e9rents qui ont envoy\u00e9 leur pouvoir, preuve de leur int\u00e9r\u00eat pour les actions de l\u2019ARSER.<\/p>\n<p>La raison d\u2019\u00eatre de l\u2019ARSER \u00e9tait et demeure\u00a0: aider les patients souvent affaiblis, en s\u2019appuyant la recherche m\u00e9dicale, mais aussi en suscitant des \u00e9changes entre les patients. L\u2019ARSER n\u2019est pas destin\u00e9e \u00e0 regrouper des patients consid\u00e9rant qu\u2019ils sont des \u00ab\u00a0victimes\u00a0\u00bb de la radioth\u00e9rapie. L\u2019ARSER s\u2019est donn\u00e9 comme mission d\u2019informer les patients et les m\u00e9decins des progr\u00e8s de la recherche sur les s\u00e9quelles de la radioth\u00e9rapie.<\/p>\n<p><strong>\u00a0<\/strong><\/p>\n<p><strong>Roselyne NICOLAS<\/strong>, Secr\u00e9taire G\u00e9n\u00e9rale de l\u2019ARSER, remercie les adh\u00e9rents(tes) d\u2019\u00eatre pr\u00e9sents(tes) car il \u00e9tait important d\u2019\u00eatre nombreux \u00e0 cette AG, et remercie les personnes qui ont accept\u00e9 les pouvoirs afin que le quorum soit atteint, puisqu\u2019en effet une Assembl\u00e9e G\u00e9n\u00e9rale Extraordinaire (AGE) \u00e9tait n\u00e9cessaire pour modifier les statuts.<\/p>\n<p><strong>\u00a0<\/strong><\/p>\n<p>1 \u2013 Modification des <strong>STATUTS de l\u2019ARSER<\/strong><\/p>\n<p>La Maison des Association qui h\u00e9berge notre Si\u00e8ge a d\u00fb d\u00e9m\u00e9nager. Aussi cette AGE doit ent\u00e9riner le changement d\u2019adresse du Si\u00e8ge \u00e0 la Maison des Associations au <strong>5 bis, Villa \u00c9mile Bergerat 92522 Neuilly Sur Seine <\/strong>Cedex \u00e0 compter du 2 janvier 2022.<\/p>\n<p><strong><em>\u00a0\u00a0\u00a0\u00a0\u00a0\u00a0\u00a0\u00a0\u00a0\u00a0\u00a0 Le changement d\u2019adresse est mis au vote et approuv\u00e9 \u00e0 l\u2019unanimit\u00e9 des personnes pr\u00e9sentes ou repr\u00e9sent\u00e9es.<\/em><\/strong><\/p>\n<p>&nbsp;<\/p>\n<p>2 &#8211; <strong>BILAN FINANCIER<\/strong> <strong>au 31 12 2021 <\/strong><\/p>\n<p><strong>\u00a0\u00a0\u00a0\u00a0\u00a0\u00a0\u00a0\u00a0\u00a0\u00a0\u00a0 Beno\u00eet BRUET, <\/strong>Tr\u00e9sorier<strong>, <\/strong>pr\u00e9sente les comptes de l\u2019ARSER. Il annonce que, cette ann\u00e9e encore, les cotisations ont couvert les d\u00e9penses de fonctionnement de l\u2019association, sachant que les b\u00e9n\u00e9voles, membres du Bureau, mettent leurs \u00e9quipements informatiques (ordinateurs, imprimantes, logiciels) \u00e0 disposition de l\u2019ARSER.<\/p>\n<p>&nbsp;<\/p>\n<p><strong><em>\u00a0\u00a0\u00a0\u00a0\u00a0\u00a0\u00a0\u00a0\u00a0\u00a0\u00a0 \u00a0Le r\u00e9sultat net de l\u2019exercice 2021\u00a0est de + 6\u00a0883,30 \u20ac pour 6780 \u20ac de cotisations, auxquels s\u2019ajoutent + 3\u00a0030\u20ac de dons pour la Recherche m\u00e9dicale (Livret A \u00e0 60\u00a0288,92 \u20ac)<\/em><\/strong><\/p>\n<p>&nbsp;<\/p>\n<p>3- <strong>BUDGET PREVISIONNEL 2022<\/strong><\/p>\n<p>Le budget pr\u00e9visionnel est de 4 180\u20ac de d\u00e9penses pour 7 000\u20ac de cotisations. A ces chiffres s\u2019ajoute un pr\u00e9visionnel de 3 000\u20ac de dons pour la Recherche m\u00e9dicale.<\/p>\n<p><strong><em>\u00a0\u00a0\u00a0\u00a0\u00a0\u00a0\u00a0\u00a0\u00a0\u00a0\u00a0 Le bilan 2021 et le budget pr\u00e9visionnel 2022 sont mis au vote et ont \u00e9t\u00e9 approuv\u00e9s \u00e0 l\u2019unanimit\u00e9 des membres pr\u00e9sents ou repr\u00e9sent\u00e9s.<\/em><\/strong><\/p>\n<p>&nbsp;<\/p>\n<p><strong>4 \u2013 QUITUS \u00e0 la Pr\u00e9sidente et au Conseil d\u2019Administration<\/strong><\/p>\n<p><strong><em>\u00a0\u00a0\u00a0\u00a0\u00a0\u00a0\u00a0\u00a0\u00a0\u00a0\u00a0 A l\u2019unanimit\u00e9, le quitus est donn\u00e9 \u00e0 Sylvie DELANIAN, Pr\u00e9sidente, et au Conseil d\u2019Administration.<\/em><\/strong><\/p>\n<p>&nbsp;<\/p>\n<p>5 &#8211; <strong>ANNUAIRE EN LIGNE DE L\u2019ARSER<\/strong> :<\/p>\n<p>Il y a 168 membres inscrits sur l\u2019annuaire en ligne mais seulement 92 adh\u00e9rents en 2021. Certains adh\u00e9rents n\u2019ont pas renouvel\u00e9 leur adh\u00e9sion. La p\u00e9riode\u00a0\u00ab\u00a0COVID\u00a0\u00bb n\u2019a pas \u00e9t\u00e9 propice \u00e0 ce renouvellement, ni aux consultations hospitali\u00e8res\u2026 L\u2019\u00e9nergie des patients chroniques ayant \u00e9t\u00e9 capt\u00e9e par ailleurs.<\/p>\n<p>Nous allons faire plus conna\u00eetre l\u2019association afin que les personnes qui souffrent de ces pathologies contactent l\u2019ARSER pour avoir des informations.<\/p>\n<p>&nbsp;<\/p>\n<p>6 &#8211; Membres du <strong>CONSEIL D\u2019ADMINISTRATION<\/strong> actuels<\/p>\n<ul>\n<li>Pr Sylvie DELANIAN, Pr\u00e9sidente<\/li>\n<li>Pr Pierre-Fran\u00e7ois PRADAT, Vice-Pr\u00e9sident<\/li>\n<li>Roselyne NICOLAS, Secr\u00e9taire G\u00e9n\u00e9rale<\/li>\n<li>Benoit BRUET, Tr\u00e9sorier<\/li>\n<li>Jean-Pierre BRIOT, Responsable relations ext\u00e9rieures<\/li>\n<li>Jean VALLEE, administrateur, D\u00e9l\u00e9gu\u00e9 Bretagne<\/li>\n<li>Hans CARL, administrateur, D\u00e9l\u00e9gu\u00e9 Occitanie<\/li>\n<\/ul>\n<p>&nbsp;<\/p>\n<p>7 &#8211; <strong>RAPPORT D\u2019ACTIVITE 2021 : <\/strong><\/p>\n<p>Les actions d\u00e9but\u00e9es en 2019 ont \u00e9t\u00e9 poursuivies sur 2020 puis 2021 apr\u00e8s remaniement du bureau et restructuration des t\u00e2ches. Ces actions ont \u00e9t\u00e9 ralenties voire entrav\u00e9es par la p\u00e9riode COVID depuis deux ans. Cependant une migration informatique pour s\u00e9curiser et am\u00e9liorer notre site a \u00e9t\u00e9 entreprise.<\/p>\n<p>&nbsp;<\/p>\n<p>Le tandem du bureau \u00ab\u00a0NICOLAS-BRUET\u00a0\u00bb a pu prendre ses marques et faire en sorte que l\u2019Association ARSER soit assur\u00e9e de sa continuit\u00e9.<\/p>\n<p>&#8211; <strong>Benoit BRUET<\/strong> a en particulier grandement am\u00e9lior\u00e9 et s\u00e9curis\u00e9 le site informatique avec mise \u00e0 jour au niveau de son h\u00e9bergement. Des flyers int\u00e9grant le nouveau bureau, sont en pr\u00e9paration.<\/p>\n<p>&#8211; <strong>Roselyne NICOLAS<\/strong>, dans le 1<sup>er<\/sup> trimestre 2022, va mettre en place une page Facebook afin de faire conna\u00eetre l\u2019Association et diriger les patients plus facilement vers le site de l\u2019ARSER.<\/p>\n<p>&nbsp;<\/p>\n<p><strong>\u00a0\u00a0\u00a0\u00a0\u00a0\u00a0\u00a0\u00a0\u00a0\u00a0\u00a0 La p\u00e9rennit\u00e9 et le d\u00e9veloppement de l\u2019ARSER, nous conduisent \u00e0 rechercher des adh\u00e9rents b\u00e9n\u00e9voles pour aider les membres du bureau.\u00a0 Vous allez bien \/mieux <\/strong>et pourriez faire un \u00ab\u00a0don\u00a0\u00bb de votre pr\u00e9cieux temps ? Vous \u00eates alors le\/la bienvenue au sein de notre \u00e9quipe restreinte, m\u00eame pour une dur\u00e9e limit\u00e9e.<\/p>\n<p><strong>\u00a0\u00a0\u00a0\u00a0\u00a0\u00a0\u00a0\u00a0\u00a0\u00a0\u00a0 <em>Le rapport d\u2019activit\u00e9s 2021 est soumis au vote et approuv\u00e9 \u00e0 l\u2019unanimit\u00e9 des membres pr\u00e9sents ou repr\u00e9sent\u00e9s.<\/em><\/strong><\/p>\n<p><strong>\u00a0<\/strong><\/p>\n<p>8 \u2013 <strong>Afin de dynamiser les FORUMS DE DISCUSSION en ligne\u00a0: diffuser \u00e0 tous les adh\u00e9rents les t\u00e9moignages de patients, \u00ab les grands t\u00e9moins \u00bb ou \u00ab\u00a0les patients experts<\/strong>\u00a0\u00bb.<\/p>\n<p>Chaque patient tr\u00e8s atteint est un \u00ab patient expert \u00bb, c\u2019est-\u00e0-dire un individu qui a d\u00e9velopp\u00e9 au fil du temps une connaissance fine des s\u00e9quelles dont il souffre et peut en rendre compte pour aider d\u2019autres patients plus \u00ab novices \u00bb. Les forums prennent alors le relais pour des discussions entre adh\u00e9rents.<\/p>\n<p>Le d\u00e9p\u00f4t d\u2019un t\u00e9moignage sur le forum pourrait aider d\u2019autres personnes souffrant de la m\u00eame situation pathologique et pourraient ainsi y trouver soutien, r\u00e9confort, et solutions.<\/p>\n<p>Nous r\u00e9pondons aux messages et pourrons possiblement \u00e9changer par t\u00e9l\u00e9phone. <strong><em>N\u2019h\u00e9sitez pas \u00e0 nous contacter sur la nouvelle adresse <\/em><\/strong><em>mail<strong> : <\/strong><\/em><a href=\"mailto:ecrire.arser@gmail.com\"><strong><em>ecrire.arser@gmail.com<\/em><\/strong><\/a><\/p>\n<p>&nbsp;<\/p>\n<p>9<span style=\"text-decoration: line-through;\"> &#8211;<\/span> Le <strong>d\u00e9veloppement de l\u2019ARSER<\/strong><strong> A L\u2019ETRANGER<\/strong>, en particulier en <strong>Suisse<\/strong>.<\/p>\n<p>Le site de<strong> l\u2019ARSER SUISSE<\/strong> est en cours de construction. Beno\u00eet BRUET s\u2019est propos\u00e9 d\u2019aider \u00e0 sa mise en place, greff\u00e9 sur le site ARSER FRANCE avec <strong>Jean-Marie CARIAGE<\/strong> qui nous remercie pour cette collaboration&#8230; Le site de l\u2019ARSER pourra diriger les patients Suisses vers la page ARSER Suisse, tandis que les autres pages d\u2019informations m\u00e9dicales seront accessibles \u00e0 tous. Si l\u2019ARSER devait se d\u00e9velopper dans d\u2019autres pays chacun d\u2019entre eux pourrait avoir ainsi une page \u00ab\u00a0locale\u00a0\u00bb sur le site g\u00e9n\u00e9ral ARSER FRANCE.<\/p>\n<p><strong>Ian SIMPSON<\/strong> se propose de <strong>traduire en<\/strong> <strong>ANGLAIS<\/strong> de nouvelles pages et nous l\u2019en remercions.<\/p>\n<p>&nbsp;<\/p>\n<p><strong>10- RAPPORT D\u2019ORIENTATION\u00a0:<\/strong><\/p>\n<p>En 2022 nous allons poursuivre les actions de 2021, tout en faisant en sorte que l\u2019association soit mieux connue afin que les patients soient mieux orient\u00e9s. Nous allons \u00eatre actifs sur les r\u00e9seaux sociaux, page Facebook, afin de diriger les patients vers notre site afin de mieux faire conna\u00eetre l\u2019ARSER et ses actions.<\/p>\n<p><strong><em>\u00a0\u00a0\u00a0\u00a0\u00a0\u00a0\u00a0\u00a0\u00a0\u00a0\u00a0 Le rapport d\u2019orientation 2022 est mis au vote et a \u00e9t\u00e9 approuv\u00e9 \u00e0 l\u2019unanimit\u00e9 des membres pr\u00e9sents ou repr\u00e9sent\u00e9s.<\/em><\/strong><\/p>\n<p>&nbsp;<\/p>\n<p><strong>11- \u00c9CHANGES ET QUESTIONS D\u2019ACTUALITE.<\/strong><\/p>\n<p>Le <strong>Pr Sylvie DELANIAN<\/strong> pr\u00e9sente les nouveaut\u00e9s m\u00e9dicales 2022 en pathologie radio-induite.<\/p>\n<p>L\u2019impact de <strong>l\u2019infection virale SarsCov2<\/strong> (comme la vaccination Covid) a pu chez provoquer, chez certains patients \u00e0 pathologie radio-induite instable, et en diff\u00e9r\u00e9 (15 jours) sur une dur\u00e9e de 1-2 mois, une hyper-progression douloureuse, bact\u00e9rienne ou d\u00e9ficitaire.<\/p>\n<p>L\u2019apport du traitement par <strong>chirurgie Lipofilling<\/strong>, en compl\u00e9ment du traitement m\u00e9dical anti-fibrosant PENTOCLO, est abord\u00e9 dans des situations atrophiques d\u00e9ficitaires. Un patient t\u00e9moin a donn\u00e9 son t\u00e9moignage qui sera bient\u00f4t diffus\u00e9 sur le site.<\/p>\n<p>&nbsp;<\/p>\n<p>Le <strong>Pr Pierre Fran\u00e7ois PRADAT<\/strong> informe l\u2019assembl\u00e9e de l\u2019existence de travaux utilisant <strong><em>les cellules souches, la greffe de nerfs ou la robotique<\/em><\/strong>.<\/p>\n<p>Apr\u00e8s l\u2019Assembl\u00e9e G\u00e9n\u00e9rale Extraordinaire, Il nous honore d\u2019une conf\u00e9rence ayant pour sujet\u00a0: <strong>&#8220;<em>Comment reconna\u00eetre et prendre en charge les s\u00e9quelles neurologiques de la radioth\u00e9rapie&#8221; <\/em><\/strong>dont le diaporama sera prochainement en ligne sur le site de l\u2019ARSER<\/p>\n<p>&nbsp;<\/p>\n<p><strong>\u00a0\u00a0\u00a0\u00a0\u00a0\u00a0\u00a0\u00a0\u00a0\u00a0\u00a0 De nombreux \u00e9changes ont eu lieu entre les personnes pr\u00e9sentes dans la convivialit\u00e9 habituelle de notre association\u2026<\/strong><\/p>\n<p><strong>\u00a0<\/strong><\/p>\n<p>Plus rien n\u2019\u00e9tant \u00e0 l\u2019Ordre du Jour de l\u2019Assembl\u00e9e G\u00e9n\u00e9rale Extraordinaire la s\u00e9ance est lev\u00e9e \u00e0 12h30.<\/p>\n<p>&nbsp;<\/p>\n<p><strong>Pr Sylvie DELANIAN,<\/strong> Pr\u00e9sidente de l\u2019ARSER\u00a0\u00a0\u00a0\u00a0\u00a0\u00a0\u00a0\u00a0\u00a0\u00a0\u00a0\u00a0\u00a0\u00a0\u00a0\u00a0\u00a0\u00a0\u00a0\u00a0\u00a0\u00a0 <strong>Roselyne NICOLAS,<\/strong> Secr\u00e9taire G\u00e9n\u00e9rale de ARSER<\/p>","protected":false},"excerpt":{"rendered":"<p>Sorry, this entry is only available in Fran\u00e7ais.&nbsp; Les membres de l\u2019Association ont \u00e9t\u00e9 convoqu\u00e9s par courrier \u00e9lectronique le 10 janvier 2022 &nbsp; Trente-huit adh\u00e9rents de l\u2019ARSER ont particip\u00e9\u00a0\u00e0 cette Assembl\u00e9e G\u00e9n\u00e9rale Extraordinaire : 19 pr\u00e9sents et 19 repr\u00e9sent\u00e9s. Le Quorum de 23 adh\u00e9rents est atteint et l\u2019Assembl\u00e9e G\u00e9n\u00e9rale Extraordinaire peut valablement d\u00e9lib\u00e9rer, dans le &hellip; <a href=\"https:\/\/arser.org\/en\/compte-rendu-de-lassemblee-generale-extraordinaire-du-12-fevrier-2022\/\" class=\"more-link\">Continue reading<span class=\"screen-reader-text\"> &#8220;(Fran\u00e7ais) Compte-rendu de l\u2019Assembl\u00e9e G\u00e9n\u00e9rale Extraordinaire du 12 f\u00e9vrier 2022&#8221;<\/span><\/a><\/p>\n","protected":false},"author":1519,"featured_media":0,"comment_status":"closed","ping_status":"closed","sticky":false,"template":"","format":"standard","meta":{"_bbp_topic_count":0,"_bbp_reply_count":0,"_bbp_total_topic_count":0,"_bbp_total_reply_count":0,"_bbp_voice_count":0,"_bbp_anonymous_reply_count":0,"_bbp_topic_count_hidden":0,"_bbp_reply_count_hidden":0,"_bbp_forum_subforum_count":0,"footnotes":""},"categories":[9],"tags":[],"class_list":["post-10709","post","type-post","status-publish","format-standard","hentry","category-chroniques"],"yoast_head":"<!-- This site is optimized with the Yoast SEO plugin v27.3 - https:\/\/yoast.com\/product\/yoast-seo-wordpress\/ -->\n<title>(Fran\u00e7ais) Compte-rendu de l\u2019Assembl\u00e9e G\u00e9n\u00e9rale Extraordinaire du 12 f\u00e9vrier 2022 - Association pour la Recherche sur les S\u00e9quelles de la Radioth\u00e9rapie<\/title>\n<meta name=\"robots\" content=\"index, follow, max-snippet:-1, max-image-preview:large, max-video-preview:-1\" \/>\n<link rel=\"canonical\" href=\"https:\/\/arser.org\/en\/compte-rendu-de-lassemblee-generale-extraordinaire-du-12-fevrier-2022\/\" \/>\n<meta property=\"og:locale\" content=\"en_US\" \/>\n<meta property=\"og:type\" content=\"article\" \/>\n<meta property=\"og:title\" content=\"(Fran\u00e7ais) Compte-rendu de l\u2019Assembl\u00e9e G\u00e9n\u00e9rale Extraordinaire du 12 f\u00e9vrier 2022 - Association pour la Recherche sur les S\u00e9quelles de la Radioth\u00e9rapie\" \/>\n<meta property=\"og:description\" content=\"Sorry, this entry is only available in Fran\u00e7ais.&nbsp; Les membres de l\u2019Association ont \u00e9t\u00e9 convoqu\u00e9s par courrier \u00e9lectronique le 10 janvier 2022 &nbsp; Trente-huit adh\u00e9rents de l\u2019ARSER ont particip\u00e9\u00a0\u00e0 cette Assembl\u00e9e G\u00e9n\u00e9rale Extraordinaire : 19 pr\u00e9sents et 19 repr\u00e9sent\u00e9s. Le Quorum de 23 adh\u00e9rents est atteint et l\u2019Assembl\u00e9e G\u00e9n\u00e9rale Extraordinaire peut valablement d\u00e9lib\u00e9rer, dans le &hellip; Continue reading &quot;(Fran\u00e7ais) Compte-rendu de l\u2019Assembl\u00e9e G\u00e9n\u00e9rale Extraordinaire du 12 f\u00e9vrier 2022&quot;\" \/>\n<meta property=\"og:url\" content=\"https:\/\/arser.org\/en\/compte-rendu-de-lassemblee-generale-extraordinaire-du-12-fevrier-2022\/\" \/>\n<meta property=\"og:site_name\" content=\"Association pour la Recherche sur les S\u00e9quelles de la Radioth\u00e9rapie\" \/>\n<meta property=\"article:publisher\" content=\"https:\/\/www.facebook.com\/profile.php?id=100086562396208\" \/>\n<meta property=\"article:published_time\" content=\"2022-03-08T10:51:59+00:00\" \/>\n<meta property=\"article:modified_time\" content=\"2022-03-08T12:18:06+00:00\" \/>\n<meta name=\"author\" content=\"AdminArser\" \/>\n<meta name=\"twitter:card\" content=\"summary_large_image\" \/>\n<meta name=\"twitter:label1\" content=\"Written by\" \/>\n\t<meta name=\"twitter:data1\" content=\"AdminArser\" \/>\n\t<meta name=\"twitter:label2\" content=\"Est. reading time\" \/>\n\t<meta name=\"twitter:data2\" content=\"7 minutes\" \/>\n<script type=\"application\/ld+json\" class=\"yoast-schema-graph\">{\"@context\":\"https:\\\/\\\/schema.org\",\"@graph\":[{\"@type\":\"Article\",\"@id\":\"https:\\\/\\\/arser.org\\\/compte-rendu-de-lassemblee-generale-extraordinaire-du-12-fevrier-2022\\\/#article\",\"isPartOf\":{\"@id\":\"https:\\\/\\\/arser.org\\\/compte-rendu-de-lassemblee-generale-extraordinaire-du-12-fevrier-2022\\\/\"},\"author\":{\"name\":\"AdminArser\",\"@id\":\"https:\\\/\\\/arser.org\\\/#\\\/schema\\\/person\\\/a837cb9f013360b3a2adb44bf636c891\"},\"headline\":\"(Fran\u00e7ais) Compte-rendu de l\u2019Assembl\u00e9e G\u00e9n\u00e9rale Extraordinaire du 12 f\u00e9vrier 2022\",\"datePublished\":\"2022-03-08T10:51:59+00:00\",\"dateModified\":\"2022-03-08T12:18:06+00:00\",\"mainEntityOfPage\":{\"@id\":\"https:\\\/\\\/arser.org\\\/compte-rendu-de-lassemblee-generale-extraordinaire-du-12-fevrier-2022\\\/\"},\"wordCount\":1465,\"publisher\":{\"@id\":\"https:\\\/\\\/arser.org\\\/#organization\"},\"articleSection\":[\"Chronicles\"],\"inLanguage\":\"en-US\"},{\"@type\":\"WebPage\",\"@id\":\"https:\\\/\\\/arser.org\\\/en\\\/compte-rendu-de-lassemblee-generale-extraordinaire-du-12-fevrier-2022\\\/\",\"url\":\"https:\\\/\\\/arser.org\\\/en\\\/compte-rendu-de-lassemblee-generale-extraordinaire-du-12-fevrier-2022\\\/\",\"name\":\"(Fran\u00e7ais) Compte-rendu de l\u2019Assembl\u00e9e G\u00e9n\u00e9rale Extraordinaire du 12 f\u00e9vrier 2022 - Association pour la Recherche sur les S\u00e9quelles de la Radioth\u00e9rapie\",\"isPartOf\":{\"@id\":\"https:\\\/\\\/arser.org\\\/en\\\/#website\"},\"datePublished\":\"2022-03-08T10:51:59+00:00\",\"dateModified\":\"2022-03-08T12:18:06+00:00\",\"breadcrumb\":{\"@id\":\"https:\\\/\\\/arser.org\\\/en\\\/compte-rendu-de-lassemblee-generale-extraordinaire-du-12-fevrier-2022\\\/#breadcrumb\"},\"inLanguage\":\"en-US\",\"potentialAction\":[{\"@type\":\"ReadAction\",\"target\":[[\"https:\\\/\\\/arser.org\\\/en\\\/compte-rendu-de-lassemblee-generale-extraordinaire-du-12-fevrier-2022\\\/\"]]}]},{\"@type\":\"BreadcrumbList\",\"@id\":\"https:\\\/\\\/arser.org\\\/en\\\/compte-rendu-de-lassemblee-generale-extraordinaire-du-12-fevrier-2022\\\/#breadcrumb\",\"itemListElement\":[{\"@type\":\"ListItem\",\"position\":1,\"name\":\"Accueil\",\"item\":\"https:\\\/\\\/arser.org\\\/en\\\/\"},{\"@type\":\"ListItem\",\"position\":2,\"name\":\"Compte-rendu de l\u2019Assembl\u00e9e G\u00e9n\u00e9rale Extraordinaire du 12 f\u00e9vrier 2022\"}]},{\"@type\":\"WebSite\",\"@id\":\"https:\\\/\\\/arser.org\\\/en\\\/#website\",\"url\":\"https:\\\/\\\/arser.org\\\/en\\\/\",\"name\":\"Association pour la Recherche sur les S\u00e9quelles de la Radioth\u00e9rapie\",\"description\":\"To help patients who have undergone radiotherapy to minimize its after effects\",\"publisher\":{\"@id\":\"https:\\\/\\\/arser.org\\\/en\\\/#organization\"},\"potentialAction\":[{\"@type\":\"SearchAction\",\"target\":{\"@type\":\"EntryPoint\",\"urlTemplate\":\"https:\\\/\\\/arser.org\\\/en\\\/?s={search_term_string}\"},\"query-input\":{\"@type\":\"PropertyValueSpecification\",\"valueRequired\":true,\"valueName\":\"search_term_string\"}}],\"inLanguage\":\"en-US\"},{\"@type\":\"Organization\",\"@id\":\"https:\\\/\\\/arser.org\\\/en\\\/#organization\",\"name\":\"Association pour la Recherche sur les S\u00e9quelles de la Radioth\u00e9rapie\",\"url\":\"https:\\\/\\\/arser.org\\\/en\\\/\",\"logo\":{\"@type\":\"ImageObject\",\"inLanguage\":\"en-US\",\"@id\":\"https:\\\/\\\/arser.org\\\/en\\\/#\\\/schema\\\/logo\\\/image\\\/\",\"url\":\"https:\\\/\\\/arser.org\\\/wp-content\\\/uploads\\\/2022\\\/03\\\/logo-Grand-ARSER-web-carre.jpg\",\"contentUrl\":\"https:\\\/\\\/arser.org\\\/wp-content\\\/uploads\\\/2022\\\/03\\\/logo-Grand-ARSER-web-carre.jpg\",\"width\":300,\"height\":300,\"caption\":\"Association pour la Recherche sur les S\u00e9quelles de la Radioth\u00e9rapie\"},\"image\":{\"@id\":\"https:\\\/\\\/arser.org\\\/en\\\/#\\\/schema\\\/logo\\\/image\\\/\"},\"sameAs\":[\"https:\\\/\\\/www.facebook.com\\\/profile.php?id=100086562396208\"]},{\"@type\":\"Person\",\"@id\":\"https:\\\/\\\/arser.org\\\/#\\\/schema\\\/person\\\/a837cb9f013360b3a2adb44bf636c891\",\"name\":\"AdminArser\",\"image\":{\"@type\":\"ImageObject\",\"inLanguage\":\"en-US\",\"@id\":\"https:\\\/\\\/secure.gravatar.com\\\/avatar\\\/843f6acdab194e0868e42182ea477beb5f6728f13aec135eba9b31e4308ecc64?s=96&d=blank&r=g\",\"url\":\"https:\\\/\\\/secure.gravatar.com\\\/avatar\\\/843f6acdab194e0868e42182ea477beb5f6728f13aec135eba9b31e4308ecc64?s=96&d=blank&r=g\",\"contentUrl\":\"https:\\\/\\\/secure.gravatar.com\\\/avatar\\\/843f6acdab194e0868e42182ea477beb5f6728f13aec135eba9b31e4308ecc64?s=96&d=blank&r=g\",\"caption\":\"AdminArser\"},\"url\":\"https:\\\/\\\/arser.org\\\/en\\\/author\\\/adminarser\\\/\"}]}<\/script>\n<!-- \/ Yoast SEO plugin. -->","yoast_head_json":{"title":"(Fran\u00e7ais) Compte-rendu de l\u2019Assembl\u00e9e G\u00e9n\u00e9rale Extraordinaire du 12 f\u00e9vrier 2022 - Association pour la Recherche sur les S\u00e9quelles de la Radioth\u00e9rapie","robots":{"index":"index","follow":"follow","max-snippet":"max-snippet:-1","max-image-preview":"max-image-preview:large","max-video-preview":"max-video-preview:-1"},"canonical":"https:\/\/arser.org\/en\/compte-rendu-de-lassemblee-generale-extraordinaire-du-12-fevrier-2022\/","og_locale":"en_US","og_type":"article","og_title":"(Fran\u00e7ais) Compte-rendu de l\u2019Assembl\u00e9e G\u00e9n\u00e9rale Extraordinaire du 12 f\u00e9vrier 2022 - Association pour la Recherche sur les S\u00e9quelles de la Radioth\u00e9rapie","og_description":"Sorry, this entry is only available in Fran\u00e7ais.&nbsp; Les membres de l\u2019Association ont \u00e9t\u00e9 convoqu\u00e9s par courrier \u00e9lectronique le 10 janvier 2022 &nbsp; Trente-huit adh\u00e9rents de l\u2019ARSER ont particip\u00e9\u00a0\u00e0 cette Assembl\u00e9e G\u00e9n\u00e9rale Extraordinaire : 19 pr\u00e9sents et 19 repr\u00e9sent\u00e9s. Le Quorum de 23 adh\u00e9rents est atteint et l\u2019Assembl\u00e9e G\u00e9n\u00e9rale Extraordinaire peut valablement d\u00e9lib\u00e9rer, dans le &hellip; Continue reading \"(Fran\u00e7ais) Compte-rendu de l\u2019Assembl\u00e9e G\u00e9n\u00e9rale Extraordinaire du 12 f\u00e9vrier 2022\"","og_url":"https:\/\/arser.org\/en\/compte-rendu-de-lassemblee-generale-extraordinaire-du-12-fevrier-2022\/","og_site_name":"Association pour la Recherche sur les S\u00e9quelles de la Radioth\u00e9rapie","article_publisher":"https:\/\/www.facebook.com\/profile.php?id=100086562396208","article_published_time":"2022-03-08T10:51:59+00:00","article_modified_time":"2022-03-08T12:18:06+00:00","author":"AdminArser","twitter_card":"summary_large_image","twitter_misc":{"Written by":"AdminArser","Est. reading time":"7 minutes"},"schema":{"@context":"https:\/\/schema.org","@graph":[{"@type":"Article","@id":"https:\/\/arser.org\/compte-rendu-de-lassemblee-generale-extraordinaire-du-12-fevrier-2022\/#article","isPartOf":{"@id":"https:\/\/arser.org\/compte-rendu-de-lassemblee-generale-extraordinaire-du-12-fevrier-2022\/"},"author":{"name":"AdminArser","@id":"https:\/\/arser.org\/#\/schema\/person\/a837cb9f013360b3a2adb44bf636c891"},"headline":"(Fran\u00e7ais) Compte-rendu de l\u2019Assembl\u00e9e G\u00e9n\u00e9rale Extraordinaire du 12 f\u00e9vrier 2022","datePublished":"2022-03-08T10:51:59+00:00","dateModified":"2022-03-08T12:18:06+00:00","mainEntityOfPage":{"@id":"https:\/\/arser.org\/compte-rendu-de-lassemblee-generale-extraordinaire-du-12-fevrier-2022\/"},"wordCount":1465,"publisher":{"@id":"https:\/\/arser.org\/#organization"},"articleSection":["Chronicles"],"inLanguage":"en-US"},{"@type":"WebPage","@id":"https:\/\/arser.org\/en\/compte-rendu-de-lassemblee-generale-extraordinaire-du-12-fevrier-2022\/","url":"https:\/\/arser.org\/en\/compte-rendu-de-lassemblee-generale-extraordinaire-du-12-fevrier-2022\/","name":"(Fran\u00e7ais) Compte-rendu de l\u2019Assembl\u00e9e G\u00e9n\u00e9rale Extraordinaire du 12 f\u00e9vrier 2022 - Association pour la Recherche sur les S\u00e9quelles de la Radioth\u00e9rapie","isPartOf":{"@id":"https:\/\/arser.org\/en\/#website"},"datePublished":"2022-03-08T10:51:59+00:00","dateModified":"2022-03-08T12:18:06+00:00","breadcrumb":{"@id":"https:\/\/arser.org\/en\/compte-rendu-de-lassemblee-generale-extraordinaire-du-12-fevrier-2022\/#breadcrumb"},"inLanguage":"en-US","potentialAction":[{"@type":"ReadAction","target":[["https:\/\/arser.org\/en\/compte-rendu-de-lassemblee-generale-extraordinaire-du-12-fevrier-2022\/"]]}]},{"@type":"BreadcrumbList","@id":"https:\/\/arser.org\/en\/compte-rendu-de-lassemblee-generale-extraordinaire-du-12-fevrier-2022\/#breadcrumb","itemListElement":[{"@type":"ListItem","position":1,"name":"Accueil","item":"https:\/\/arser.org\/en\/"},{"@type":"ListItem","position":2,"name":"Compte-rendu de l\u2019Assembl\u00e9e G\u00e9n\u00e9rale Extraordinaire du 12 f\u00e9vrier 2022"}]},{"@type":"WebSite","@id":"https:\/\/arser.org\/en\/#website","url":"https:\/\/arser.org\/en\/","name":"Association pour la Recherche sur les S\u00e9quelles de la Radioth\u00e9rapie","description":"To help patients who have undergone radiotherapy to minimize its after effects","publisher":{"@id":"https:\/\/arser.org\/en\/#organization"},"potentialAction":[{"@type":"SearchAction","target":{"@type":"EntryPoint","urlTemplate":"https:\/\/arser.org\/en\/?s={search_term_string}"},"query-input":{"@type":"PropertyValueSpecification","valueRequired":true,"valueName":"search_term_string"}}],"inLanguage":"en-US"},{"@type":"Organization","@id":"https:\/\/arser.org\/en\/#organization","name":"Association pour la Recherche sur les S\u00e9quelles de la Radioth\u00e9rapie","url":"https:\/\/arser.org\/en\/","logo":{"@type":"ImageObject","inLanguage":"en-US","@id":"https:\/\/arser.org\/en\/#\/schema\/logo\/image\/","url":"https:\/\/arser.org\/wp-content\/uploads\/2022\/03\/logo-Grand-ARSER-web-carre.jpg","contentUrl":"https:\/\/arser.org\/wp-content\/uploads\/2022\/03\/logo-Grand-ARSER-web-carre.jpg","width":300,"height":300,"caption":"Association pour la Recherche sur les S\u00e9quelles de la Radioth\u00e9rapie"},"image":{"@id":"https:\/\/arser.org\/en\/#\/schema\/logo\/image\/"},"sameAs":["https:\/\/www.facebook.com\/profile.php?id=100086562396208"]},{"@type":"Person","@id":"https:\/\/arser.org\/#\/schema\/person\/a837cb9f013360b3a2adb44bf636c891","name":"AdminArser","image":{"@type":"ImageObject","inLanguage":"en-US","@id":"https:\/\/secure.gravatar.com\/avatar\/843f6acdab194e0868e42182ea477beb5f6728f13aec135eba9b31e4308ecc64?s=96&d=blank&r=g","url":"https:\/\/secure.gravatar.com\/avatar\/843f6acdab194e0868e42182ea477beb5f6728f13aec135eba9b31e4308ecc64?s=96&d=blank&r=g","contentUrl":"https:\/\/secure.gravatar.com\/avatar\/843f6acdab194e0868e42182ea477beb5f6728f13aec135eba9b31e4308ecc64?s=96&d=blank&r=g","caption":"AdminArser"},"url":"https:\/\/arser.org\/en\/author\/adminarser\/"}]}},"_links":{"self":[{"href":"https:\/\/arser.org\/en\/wp-json\/wp\/v2\/posts\/10709","targetHints":{"allow":["GET"]}}],"collection":[{"href":"https:\/\/arser.org\/en\/wp-json\/wp\/v2\/posts"}],"about":[{"href":"https:\/\/arser.org\/en\/wp-json\/wp\/v2\/types\/post"}],"author":[{"embeddable":true,"href":"https:\/\/arser.org\/en\/wp-json\/wp\/v2\/users\/1519"}],"replies":[{"embeddable":true,"href":"https:\/\/arser.org\/en\/wp-json\/wp\/v2\/comments?post=10709"}],"version-history":[{"count":1,"href":"https:\/\/arser.org\/en\/wp-json\/wp\/v2\/posts\/10709\/revisions"}],"predecessor-version":[{"id":10710,"href":"https:\/\/arser.org\/en\/wp-json\/wp\/v2\/posts\/10709\/revisions\/10710"}],"wp:attachment":[{"href":"https:\/\/arser.org\/en\/wp-json\/wp\/v2\/media?parent=10709"}],"wp:term":[{"taxonomy":"category","embeddable":true,"href":"https:\/\/arser.org\/en\/wp-json\/wp\/v2\/categories?post=10709"},{"taxonomy":"post_tag","embeddable":true,"href":"https:\/\/arser.org\/en\/wp-json\/wp\/v2\/tags?post=10709"}],"curies":[{"name":"wp","href":"https:\/\/api.w.org\/{rel}","templated":true}]}}